{"id":154657,"date":"2020-02-22T08:30:19","date_gmt":"2020-02-22T11:30:19","guid":{"rendered":"http:\/\/www.caririemacao.com\/1\/?p=154657"},"modified":"2020-02-22T08:30:21","modified_gmt":"2020-02-22T11:30:21","slug":"procurador-deltan-dallagnol-ministra-palestra-na-22a-consciencia-crista","status":"publish","type":"post","link":"https:\/\/www.caririemacao.com\/1\/2020\/02\/22\/procurador-deltan-dallagnol-ministra-palestra-na-22a-consciencia-crista\/","title":{"rendered":"Procurador Deltan Dallagnol ministra palestra na 22\u00aa Consci\u00eancia Crist\u00e3"},"content":{"rendered":"\n<p>O procurador da Rep\u00fablica e coordenador da for\u00e7a-tarefa da Opera\u00e7\u00e3o Lava Jato em Curitiba (PR), Deltan Martinazzo Dallagnol esteve no Parque do Povo em Campina Grande, na Para\u00edba, na tarde desta sexta-feira (21), onde ministrou palestra no 22\u00ba Encontro Para a Consci\u00eancia Cristo.<\/p>\n\n\n\n<p>Durante 55 minutos, Deltan Dallagnol ministrou palestra dentro do \u201cSemin\u00e1rio o Crist\u00e3o contra a Cultura da Corrup\u00e7\u00e3o\u201d mostrando como se d\u00e1 os canais de corrup\u00e7\u00e3o no cora\u00e7\u00e3o humano como resultado da \u201cqueda\u201d, e seus males afetam a sociedade, prejudicando a sa\u00fade, a seguran\u00e7a, o saneamento b\u00e1sico e a educa\u00e7\u00e3o do povo.<\/p>\n\n\n\n<p>Ele apresentou mecanismos da corrup\u00e7\u00e3o como fator cultural e como o homem est\u00e1 propenso a tal em virtude do pecado e das estruturas que favore\u00e7am esse procedimento, ou que n\u00e3o combatam, de maneira legal, esse comportamento.<\/p>\n\n\n\n<p>Essa tese foi provada por Deltan Dellagnol atrav\u00e9s de diversos estudos cient\u00edficos acerca do comportamento humano. Ele fez isso mostrando gr\u00e1ficos e trechos de document\u00e1rios contextualizando a realidade da cultura da corru\u00e7\u00e3o.<\/p>\n\n\n\n<p><strong>PAINEL<\/strong><\/p>\n\n\n\n<p>Ap\u00f3s a palestra, o procurar da Rep\u00fablica e membro da Igreja Evang\u00e9lica Batista no Paran\u00e1 participou ainda no Parque do Povo de uma painel coordenado pelo te\u00f3logo Franklin Ferreira.<\/p>\n\n\n\n<p>Desse painel, participaram tamb\u00e9m os doutores Thiago Rafael Vieira e Jean Marques Regina, presidente e segundo vice-presidente, respectivamente do Instituto Brasileiro de Direito e Religi\u00e3o (IBDR\/SP) do qual s\u00e3o fundadores.<\/p>\n\n\n\n<p>A palestra completa do procurador da Lava Jato no Encontro Para a Consci\u00eancia Crist\u00e3 est\u00e1 dispon\u00edvel no&nbsp;<a href=\"http:\/\/www.blasss.org\/\" target=\"_blank\" rel=\"noreferrer noopener\">www.blasss.org<\/a>&nbsp;\u2013 plataforma de streaming da \u201cConsci\u00eancia Crist\u00e3\u201d.<\/p>\n\n\n\n<p><strong>A PROGRAMA\u00c7\u00c3O<\/strong><\/p>\n\n\n\n<p>A programa\u00e7\u00e3o da 22\u00aa Consci\u00eancia Crist\u00e3 prossegue hoje \u00e0 noite, com duas plen\u00e1rias. Na primeira, o pastor Daniel Nunes, da Igreja Assembleia de Deus (CG), abordar\u00e1 o tema: \u201cO Retorno do Rei\u201d. Na segunda plen\u00e1ria, o pastor Heber Campos Jr., da Igreja Presbiteriana do Brasil (SP). Na parte musical, participa\u00e7\u00e3o do Vis\u00e3o Cristoc\u00eantrica (CG\/PB).<\/p>\n","protected":false},"excerpt":{"rendered":"<p>O procurador da Rep\u00fablica e coordenador da for\u00e7a-tarefa da Opera\u00e7\u00e3o Lava Jato em Curitiba (PR), Deltan Martinazzo Dallagnol esteve no Parque do Povo em Campina&hellip; <\/p>\n","protected":false},"author":2,"featured_media":154658,"comment_status":"closed","ping_status":"closed","sticky":false,"template":"","format":"standard","meta":{"sfsi_plus_gutenberg_text_before_share":"","sfsi_plus_gutenberg_show_text_before_share":"","sfsi_plus_gutenberg_icon_type":"","sfsi_plus_gutenberg_icon_alignemt":"","sfsi_plus_gutenburg_max_per_row":"","footnotes":""},"categories":[2],"tags":[],"class_list":["post-154657","post","type-post","status-publish","format-standard","has-post-thumbnail","hentry","category-geral"],"_links":{"self":[{"href":"https:\/\/www.caririemacao.com\/1\/wp-json\/wp\/v2\/posts\/154657","targetHints":{"allow":["GET"]}}],"collection":[{"href":"https:\/\/www.caririemacao.com\/1\/wp-json\/wp\/v2\/posts"}],"about":[{"href":"https:\/\/www.caririemacao.com\/1\/wp-json\/wp\/v2\/types\/post"}],"author":[{"embeddable":true,"href":"https:\/\/www.caririemacao.com\/1\/wp-json\/wp\/v2\/users\/2"}],"replies":[{"embeddable":true,"href":"https:\/\/www.caririemacao.com\/1\/wp-json\/wp\/v2\/comments?post=154657"}],"version-history":[{"count":1,"href":"https:\/\/www.caririemacao.com\/1\/wp-json\/wp\/v2\/posts\/154657\/revisions"}],"predecessor-version":[{"id":154659,"href":"https:\/\/www.caririemacao.com\/1\/wp-json\/wp\/v2\/posts\/154657\/revisions\/154659"}],"wp:featuredmedia":[{"embeddable":true,"href":"https:\/\/www.caririemacao.com\/1\/wp-json\/wp\/v2\/media\/154658"}],"wp:attachment":[{"href":"https:\/\/www.caririemacao.com\/1\/wp-json\/wp\/v2\/media?parent=154657"}],"wp:term":[{"taxonomy":"category","embeddable":true,"href":"https:\/\/www.caririemacao.com\/1\/wp-json\/wp\/v2\/categories?post=154657"},{"taxonomy":"post_tag","embeddable":true,"href":"https:\/\/www.caririemacao.com\/1\/wp-json\/wp\/v2\/tags?post=154657"}],"curies":[{"name":"wp","href":"https:\/\/api.w.org\/{rel}","templated":true}]}}