{"id":154683,"date":"2020-02-22T08:43:25","date_gmt":"2020-02-22T11:43:25","guid":{"rendered":"http:\/\/www.caririemacao.com\/1\/?p=154683"},"modified":"2020-02-22T08:43:27","modified_gmt":"2020-02-22T11:43:27","slug":"veja-as-dicas-para-um-carnaval-saudavel-e-seguro-2","status":"publish","type":"post","link":"https:\/\/www.caririemacao.com\/1\/2020\/02\/22\/veja-as-dicas-para-um-carnaval-saudavel-e-seguro-2\/","title":{"rendered":"Veja as dicas para um carnaval saud\u00e1vel e seguro"},"content":{"rendered":"\n<p>Come\u00e7a nesta sexta-feira (21) uma das festas mais aguardadas do pa\u00eds, o carnaval. No entanto, para que o feriado n\u00e3o esteja associado a problemas, os foli\u00f5es devem tomar alguns cuidados.&nbsp;<\/p>\n\n\n\n<p>Neste ano, a dissemina\u00e7\u00e3o do coronav\u00edrus pelo mundo tem preocupado os foli\u00f5es. N\u00e3o h\u00e1 circula\u00e7\u00e3o do v\u00edrus no Brasil, portanto, n\u00e3o existe restri\u00e7\u00e3o ou recomenda\u00e7\u00f5es especiais para viagens em territ\u00f3rio nacional. Caso o destino da viagem seja o exterior, al\u00e9m de evitar a China, \u00e9 preciso verificar junto \u00e0 embaixada ou sites oficiais do pa\u00eds de destino quais as medidas recomendadas pelas autoridades de sa\u00fade locais, como vacinas.<\/p>\n\n\n\n<p>De forma geral, o Minist\u00e9rio da Sa\u00fade orienta adotar medidas de precau\u00e7\u00e3o padr\u00e3o:<\/p>\n\n\n\n<p>&#8211; Lavar as m\u00e3os frequentemente com \u00e1gua e sab\u00e3o, especialmente antes de ingerir alimentos, ap\u00f3s utilizar transportes p\u00fablicos, visitar locais com grande fluxo de pessoas como mercados, shopping, cinemas, teatros, aeroportos e rodovi\u00e1rias. Se n\u00e3o tiver acesso a \u00e1gua e sab\u00e3o, use \u00e1lcool em gel a 70%;<\/p>\n\n\n\n<p>&#8211; N\u00e3o compartilhar objetos de uso pessoal, como talheres, pratos e outros utens\u00edlios;&nbsp;&nbsp;<\/p>\n\n\n\n<p>&#8211; Evitar tocar mucosas dos olhos, nariz e boca sem que as m\u00e3os n\u00e3o estejam higienizadas;&nbsp;&nbsp;&nbsp;&nbsp;&nbsp;&nbsp;&nbsp;&nbsp;&nbsp;<\/p>\n\n\n\n<p>&#8211; Proteger a boca e o nariz com um len\u00e7o de papel (descarte logo ap\u00f3s o uso) ou com o bra\u00e7o (e n\u00e3o as m\u00e3os) ao tossir ou espirrar.<\/p>\n\n\n\n<p>No entanto, se a pessoa viajou para a China, nos \u00faltimos 14 dias, e apresentou sintomas como febre, tosse ou dificuldade para respirar, a orienta\u00e7\u00e3o \u00e9 procurar atendimento m\u00e9dico imediatamente e informar detalhadamente o hist\u00f3rico de viagem recente, al\u00e9m dos sintomas.<\/p>\n\n\n\n<h2 class=\"wp-block-heading\">\u201cUsar camisinha \u00e9 uma responsa de todos\u201d<\/h2>\n\n\n\n<p>Neste ano, a campanha do Minist\u00e9rio da Sa\u00fade refor\u00e7a a import\u00e2ncia do uso do preservativo com o slogan \u201cusar camisinha \u00e9 uma responsa de todos\u201d. Para o Carnaval deste ano, a pasta distribuir\u00e1 128,5 milh\u00f5es de preservativos para todo o Brasil. Ao todo, 570 milh\u00f5es de preservativos e g\u00e9is lubrificantes estar\u00e3o \u00e0 disposi\u00e7\u00e3o da popula\u00e7\u00e3o neste ano para que a preven\u00e7\u00e3o seja constante e n\u00e3o apenas nos quatro dias da folia.<\/p>\n\n\n\n<p>O alerta \u00e9 que o importante mesmo \u00e9 n\u00e3o deixar de usar o preservativo, que \u00e9 o m\u00e9todo mais seguro contra as Infec\u00e7\u00f5es Sexualmente Transmiss\u00edveis (ISTs) como HIV, s\u00edfilis, herpes genital, gonorreia e HPV, e, tamb\u00e9m, para evitar uma gravidez indesejada.&nbsp;&nbsp;<\/p>\n\n\n\n<p>A proposta \u00e9 chamar aten\u00e7\u00e3o, principalmente dos jovens de 15 a 29 anos, onde registra-se o aumento das ISTs, durante todo o ano. A&nbsp;<a href=\"https:\/\/www.postalsaude.com.br\/beneficiario\/noticias\/carnaval-2020-divertido-mesmo-e-se-cuidar-usar-a-camisinha-e-uma-responsa-de-todos\" target=\"_blank\" rel=\"noreferrer noopener\">campanha<\/a>&nbsp;lembra que muitas doen\u00e7as s\u00e3o passadas pelo beijo e, no ato sexual sem prote\u00e7\u00e3o (oral, vaginal ou anal), pode haver muitos tipos de contamina\u00e7\u00e3o.<\/p>\n\n\n\n<p>Entre as dicas aos foli\u00f5es, a pasta recomenda: \u201cV\u00e1 para a festa disposto a se divertir com tranquilidade e responsabilidade. Afaste a ideia de que \u2018no carnaval tudo pode\u2019, pois esse pensamento pode trazer graves consequ\u00eancias para a sua sa\u00fade e complica\u00e7\u00f5es para a sua vida depois que a festa passar\u201d.<\/p>\n\n\n\n<h2 class=\"wp-block-heading\">Ass\u00e9dio sexual<\/h2>\n\n\n\n<p>\u201cCarnaval n\u00e3o \u00e9 desculpa, a roupa dela n\u00e3o \u00e9 desculpa, bebida n\u00e3o \u00e9 desculpa\u201d para o ass\u00e9dio. Esse \u00e9 o mote da campanha do governo federal para prevenir o ass\u00e9dio sexual no per\u00edodo de carnaval \u2014 \u201cAss\u00e9dio \u00e9 Crime. #N\u00e3oTemDesculpa\u201d. A a\u00e7\u00e3o ser\u00e1 realizada at\u00e9 o dia 29 de fevereiro, em resposta ao aumento dos registros de ass\u00e9dio sexual e viol\u00eancia contra a mulher nos dias de festa. https:\/\/www.mdh.gov.br\/todas-as-noticias\/governo-lanca-campanha-contra-assedio-sexual-no-carnaval<\/p>\n\n\n\n<p>A campanha inclui distribui\u00e7\u00e3o de materiais como adesivos, camisetas, apitos e leques em 22 estados, com destaque para as principais pra\u00e7as: S\u00e3o Paulo (SP), Rio de Janeiro (RJ), Salvador (BA), Recife (PE) e Olinda (PE). O material instrui que qualquer pessoa que presenciar ou for v\u00edtima de ass\u00e9dio sexual e viol\u00eancia, pode e deve denunciar pelo Ligue 180 &#8211; Central de Atendimento \u00e0 Mulher em Situa\u00e7\u00e3o de Viol\u00eancia.<\/p>\n\n\n\n<p>Ass\u00e9dio sexual \u00e9 crime previsto em lei. A pena para importuna\u00e7\u00e3o sexual pode variar entre 1 e 5 anos, sendo aumentada em caso de agravantes.<\/p>\n\n\n\n<h2 class=\"wp-block-heading\">Seguran\u00e7a<\/h2>\n\n\n\n<p>A sa\u00fade, contudo, n\u00e3o deve ser o \u00fanico cuidado dos foli\u00f5es. Para evitar furtos de objetos pessoais, como joias e celulares, a recomenda\u00e7\u00e3o \u00e9 evitar carreg\u00e1-los para as festas. Caso seja fundamental, n\u00e3o deixar nada vis\u00edvel e com acesso f\u00e1cil a terceiros.&nbsp;<\/p>\n\n\n\n<p>Para refor\u00e7ar a seguran\u00e7a, esses objetos devem ser guardados nos bolsos da frente ou em algum tipo de compartimento fechado com bot\u00f5es ou z\u00edper. Se quiser levar bolsa, o conselho \u00e9 manter \u00e0 frente do corpo, fechada e sempre \u00e0 vista.<\/p>\n\n\n\n<p>Antes de sair de casa, tenha certeza de que o celular est\u00e1 carregado e o mantenha em local seguro e discreto.<\/p>\n\n\n\n<p>Mesmo que o foli\u00e3o opte por n\u00e3o levar nada para a festa, \u00e9 necess\u00e1rio ter documento de identidade. O alerta da Pol\u00edcia Civil \u00e9 que a identifica\u00e7\u00e3o \u00e9 primordial para o caso de feridas ou confus\u00f5es.&nbsp;<\/p>\n\n\n\n<h2 class=\"wp-block-heading\">Crian\u00e7as<\/h2>\n\n\n\n<p>A Pol\u00edcia Militar do Distrito Federal realiza Campanha de Identifica\u00e7\u00e3o Infantil para o Carnaval deste ano. Para evitar o desaparecimento dos pequenos foli\u00f5es, a PMDF disponibiliza, em seu&nbsp;<a href=\"http:\/\/www.pm.df.gov.br\/carnaval\/\" target=\"_blank\" rel=\"noreferrer noopener\">site oficial<\/a>, o crach\u00e1 de identifica\u00e7\u00e3o. O processo \u00e9 f\u00e1cil e r\u00e1pido e pode ser feito em tr\u00eas etapas.<\/p>\n\n\n\n<p>A PMDF tamb\u00e9m distribuir\u00e1 pulseiras de identifica\u00e7\u00e3o infantil em postos montados nos blocos carnavalescos infantis. Segundo a corpora\u00e7\u00e3o, a pulseirinha facilita a identifica\u00e7\u00e3o infantil por ser melhor fixada, dificultando a perda. A pulseira ser\u00e1 entregue e preenchida por policiais nos postos de identifica\u00e7\u00e3o dos principais bloquinhos p\u00fablicos durante o Carnaval.<\/p>\n\n\n\n<p>Para que a folia com as crian\u00e7as n\u00e3o perca seu brilho, a PMDF d\u00e1 dicas de cuidados:&nbsp;<\/p>\n\n\n\n<p>&#8211; Oriente a crian\u00e7a a n\u00e3o aceitar alimentos ou bebidas de pessoas estranhas;<\/p>\n\n\n\n<p>&#8211; Jamais aceite convites de desconhecidos;<\/p>\n\n\n\n<p>&#8211; Oriente ao pequenino para que fique sempre por perto;&nbsp;<\/p>\n\n\n\n<p>&#8211; Sempre combine um ponto de encontro com as crian\u00e7as;<\/p>\n\n\n\n<p>&#8211; Explique \u00e0 crian\u00e7a que, caso se perca, procure um policial imediatamente.<\/p>\n\n\n\n<h2 class=\"wp-block-heading\">Bebida e dire\u00e7\u00e3o<\/h2>\n\n\n\n<p>O foli\u00e3o tamb\u00e9m deve se lembrar de n\u00e3o misturar bebida alco\u00f3lica e dire\u00e7\u00e3o nos dias de Carnaval. Apenas no Distrito Federal, al\u00e9m das a\u00e7\u00f5es educativas, est\u00e3o previstas pelo menos 30 opera\u00e7\u00f5es entre a sexta-feira (v\u00e9spera de Carnaval) e a Quarta-feira de cinzas.&nbsp;<\/p>\n\n\n\n<p>Segundo o Governo do Distrito Federal (GDF), a medida pretende retirar das vias os condutores que insistirem em assumir a dire\u00e7\u00e3o do ve\u00edculo ap\u00f3s o consumo de bebida alco\u00f3lica.&nbsp;<\/p>\n\n\n\n<h2 class=\"wp-block-heading\">Telefones&nbsp;<\/h2>\n\n\n\n<p>Al\u00e9m das dicas, a recomenda\u00e7\u00e3o \u00e9 ter em m\u00e3os telefones \u00fateis dos \u00f3rg\u00e3os de sa\u00fade e seguran\u00e7a p\u00fablica em caso de necessidade, como ass\u00e9dio sexual, agress\u00e3o, mal s\u00fabito ou outras situa\u00e7\u00f5es de emerg\u00eancia:&nbsp;<\/p>\n\n\n\n<p>Central de Atendimento \u00e0 Mulher \u2013 180<\/p>\n\n\n\n<p>Disque Direitos Humanos \u2013 100<\/p>\n\n\n\n<p>Disque Den\u00fancia &#8211; 181<\/p>\n\n\n\n<p>Pol\u00edcia Militar- 190<\/p>\n\n\n\n<p>SAMU &#8211; 192<\/p>\n\n\n\n<p>Corpo de Bombeiros &#8211; 193<\/p>\n\n\n\n<p>Defesa Civil &#8211; 199<\/p>\n\n\n\n<p>EBC<\/p>\n","protected":false},"excerpt":{"rendered":"<p>Come\u00e7a nesta sexta-feira (21) uma das festas mais aguardadas do pa\u00eds, o carnaval. No entanto, para que o feriado n\u00e3o esteja associado a problemas, os&hellip; <\/p>\n","protected":false},"author":2,"featured_media":153293,"comment_status":"closed","ping_status":"closed","sticky":false,"template":"","format":"standard","meta":{"sfsi_plus_gutenberg_text_before_share":"","sfsi_plus_gutenberg_show_text_before_share":"","sfsi_plus_gutenberg_icon_type":"","sfsi_plus_gutenberg_icon_alignemt":"","sfsi_plus_gutenburg_max_per_row":"","footnotes":""},"categories":[2],"tags":[],"class_list":["post-154683","post","type-post","status-publish","format-standard","has-post-thumbnail","hentry","category-geral"],"_links":{"self":[{"href":"https:\/\/www.caririemacao.com\/1\/wp-json\/wp\/v2\/posts\/154683","targetHints":{"allow":["GET"]}}],"collection":[{"href":"https:\/\/www.caririemacao.com\/1\/wp-json\/wp\/v2\/posts"}],"about":[{"href":"https:\/\/www.caririemacao.com\/1\/wp-json\/wp\/v2\/types\/post"}],"author":[{"embeddable":true,"href":"https:\/\/www.caririemacao.com\/1\/wp-json\/wp\/v2\/users\/2"}],"replies":[{"embeddable":true,"href":"https:\/\/www.caririemacao.com\/1\/wp-json\/wp\/v2\/comments?post=154683"}],"version-history":[{"count":1,"href":"https:\/\/www.caririemacao.com\/1\/wp-json\/wp\/v2\/posts\/154683\/revisions"}],"predecessor-version":[{"id":154684,"href":"https:\/\/www.caririemacao.com\/1\/wp-json\/wp\/v2\/posts\/154683\/revisions\/154684"}],"wp:featuredmedia":[{"embeddable":true,"href":"https:\/\/www.caririemacao.com\/1\/wp-json\/wp\/v2\/media\/153293"}],"wp:attachment":[{"href":"https:\/\/www.caririemacao.com\/1\/wp-json\/wp\/v2\/media?parent=154683"}],"wp:term":[{"taxonomy":"category","embeddable":true,"href":"https:\/\/www.caririemacao.com\/1\/wp-json\/wp\/v2\/categories?post=154683"},{"taxonomy":"post_tag","embeddable":true,"href":"https:\/\/www.caririemacao.com\/1\/wp-json\/wp\/v2\/tags?post=154683"}],"curies":[{"name":"wp","href":"https:\/\/api.w.org\/{rel}","templated":true}]}}