{"id":154687,"date":"2020-02-22T08:46:13","date_gmt":"2020-02-22T11:46:13","guid":{"rendered":"http:\/\/www.caririemacao.com\/1\/?p=154687"},"modified":"2020-02-22T08:46:15","modified_gmt":"2020-02-22T11:46:15","slug":"bispo-da-diocese-de-patos-proibe-participacao-de-padres-na-politica","status":"publish","type":"post","link":"https:\/\/www.caririemacao.com\/1\/2020\/02\/22\/bispo-da-diocese-de-patos-proibe-participacao-de-padres-na-politica\/","title":{"rendered":"Bispo da Diocese de Patos pro\u00edbe participa\u00e7\u00e3o de Padres na pol\u00edtica"},"content":{"rendered":"\n<p>O bispo da Diocese de Patos, Dom Eraldo Bispo, tem sido categ\u00f3rico em rela\u00e7\u00e3o \u00e0s elei\u00e7\u00f5es deste ano: n\u00e3o vai tolerar a participa\u00e7\u00e3o de padres no pleito. As restri\u00e7\u00f5es valem sobretudo para os religiosos que, eventualmente, tenham a inten\u00e7\u00e3o de dar uma -ajudinha- nas candidaturas de terceiros. \u201cA Igreja deixa bem claro: os padres n\u00e3o podem ser cabos eleitorais de ningu\u00e9m. Desde aquela foto em palanque para ser aproveitada em cartazes em campanha eleitoral\u201d, disse o religioso.<\/p>\n\n\n\n<p>O aviso foi dado durante o programa Palavras de F\u00e9, nesta quinta-feira (19), na R\u00e1dio Espinharas, emissora pertencente \u00e0 Diocese de Patos. -Aqui pertinho de n\u00f3s j\u00e1 tem pessoas aproveitando a amizade com tal padre e instrumentalizando o padre que ingenuamente cai nesta armadilha. Os padres n\u00e3o t\u00eam autoriza\u00e7\u00e3o pela Igreja. Quem quiser fazer isso em seu pr\u00f3prio nome, sai do seu exerc\u00edcio no minist\u00e9rio e exerce isso como cidad\u00e3o comum-, ressaltou Dom Eraldo.<\/p>\n\n\n\n<p>Ele disse que como presb\u00edtero, padre da Igreja, pastores de uma comunidade, os religiosos n\u00e3o podem tomar partido dos candidatos A ou B. -Est\u00e1 claro que se voc\u00ea faz foto com o candidato e essa foto vai para cartazes p\u00fablicos, este padre est\u00e1 fazendo explicitamente campanha e n\u00e3o est\u00e1 agindo coerentemente com as orienta\u00e7\u00f5es da Igreja do Brasil, da Igreja da Arquidiocese, com a Igreja toda. \u00c9 preciso chamar a aten\u00e7\u00e3o para isso. Nenhum padre est\u00e1 se dispondo a isso e n\u00e3o deve se dispor a isso. Nenhum padre da Arquidiocese est\u00e1 neste discurso, por que se ocorrer o bispo \u00e9 o primeiro a saber-, enfatizou.<\/p>\n\n\n\n<p>A proibi\u00e7\u00e3o para a participa\u00e7\u00e3o de religiosos na pol\u00edtica n\u00e3o \u00e9 novidade no Estado. Quando estava \u00e0 frente da Arquidiocese da Para\u00edba, o hoje arcebispo em\u00e9rito Dom Aldo Pagotto proibia a disputa eleitoral por padres. Apesar disso, ele tinha grande inser\u00e7\u00e3o nas mobiliza\u00e7\u00f5es pol\u00edticas no Estado.<\/p>\n\n\n\n<p><em>Com Jornal da Para\u00edba&nbsp;<\/em><\/p>\n","protected":false},"excerpt":{"rendered":"<p>O bispo da Diocese de Patos, Dom Eraldo Bispo, tem sido categ\u00f3rico em rela\u00e7\u00e3o \u00e0s elei\u00e7\u00f5es deste ano: n\u00e3o vai tolerar a participa\u00e7\u00e3o de padres&hellip; <\/p>\n","protected":false},"author":2,"featured_media":154688,"comment_status":"closed","ping_status":"closed","sticky":false,"template":"","format":"standard","meta":{"sfsi_plus_gutenberg_text_before_share":"","sfsi_plus_gutenberg_show_text_before_share":"","sfsi_plus_gutenberg_icon_type":"","sfsi_plus_gutenberg_icon_alignemt":"","sfsi_plus_gutenburg_max_per_row":"","footnotes":""},"categories":[2],"tags":[],"class_list":["post-154687","post","type-post","status-publish","format-standard","has-post-thumbnail","hentry","category-geral"],"_links":{"self":[{"href":"https:\/\/www.caririemacao.com\/1\/wp-json\/wp\/v2\/posts\/154687","targetHints":{"allow":["GET"]}}],"collection":[{"href":"https:\/\/www.caririemacao.com\/1\/wp-json\/wp\/v2\/posts"}],"about":[{"href":"https:\/\/www.caririemacao.com\/1\/wp-json\/wp\/v2\/types\/post"}],"author":[{"embeddable":true,"href":"https:\/\/www.caririemacao.com\/1\/wp-json\/wp\/v2\/users\/2"}],"replies":[{"embeddable":true,"href":"https:\/\/www.caririemacao.com\/1\/wp-json\/wp\/v2\/comments?post=154687"}],"version-history":[{"count":1,"href":"https:\/\/www.caririemacao.com\/1\/wp-json\/wp\/v2\/posts\/154687\/revisions"}],"predecessor-version":[{"id":154689,"href":"https:\/\/www.caririemacao.com\/1\/wp-json\/wp\/v2\/posts\/154687\/revisions\/154689"}],"wp:featuredmedia":[{"embeddable":true,"href":"https:\/\/www.caririemacao.com\/1\/wp-json\/wp\/v2\/media\/154688"}],"wp:attachment":[{"href":"https:\/\/www.caririemacao.com\/1\/wp-json\/wp\/v2\/media?parent=154687"}],"wp:term":[{"taxonomy":"category","embeddable":true,"href":"https:\/\/www.caririemacao.com\/1\/wp-json\/wp\/v2\/categories?post=154687"},{"taxonomy":"post_tag","embeddable":true,"href":"https:\/\/www.caririemacao.com\/1\/wp-json\/wp\/v2\/tags?post=154687"}],"curies":[{"name":"wp","href":"https:\/\/api.w.org\/{rel}","templated":true}]}}