{"id":154692,"date":"2020-02-22T08:47:42","date_gmt":"2020-02-22T11:47:42","guid":{"rendered":"http:\/\/www.caririemacao.com\/1\/?p=154692"},"modified":"2020-02-22T08:47:44","modified_gmt":"2020-02-22T11:47:44","slug":"com-mais-de-300-familias-atendidas-programa-crianca-feliz-reinicia-atividades-no-municipio-de-monteiro","status":"publish","type":"post","link":"https:\/\/www.caririemacao.com\/1\/2020\/02\/22\/com-mais-de-300-familias-atendidas-programa-crianca-feliz-reinicia-atividades-no-municipio-de-monteiro\/","title":{"rendered":"Com mais de 300 fam\u00edlias atendidas, programa Crian\u00e7a Feliz, reinicia atividades no munic\u00edpio de Monteiro"},"content":{"rendered":"\n<p>O programa Crian\u00e7a Feliz que \u00e9 considerado o maior programa de visita\u00e7\u00e3o domiciliar para o desenvolvimento da primeira inf\u00e2ncia do mundo, presente em mais da meta dos munic\u00edpios brasileiros, reiniciou suas atividades no munic\u00edpio de Monteiro em clima de carnaval, onde papais e mam\u00e3es, junto com as crian\u00e7as, confeccionaram mascaras e fantasias, para brincar e se divertir no Bloquinho Crian\u00e7a Feliz.<\/p>\n\n\n\n<p>O Programa Crian\u00e7a Feliz, que hoje atende cerca de 300 fam\u00edlias, foi implantado no munic\u00edpio no ano de 2017, gra\u00e7as a atua\u00e7\u00e3o e dedica\u00e7\u00e3o da Prefeita Anna Lorena, sempre em busca de novos projetos para atender a popula\u00e7\u00e3o monteirense em especial as nossas crian\u00e7as.<\/p>\n\n\n\n<p>O programa vem realizando visitas semanalmente as crian\u00e7as de 0 a 6 anos e a crian\u00e7as que recebem o BPC, al\u00e9m de atender tamb\u00e9m mensalmente gestantes. Com uma equipe de 09 visitadores, que atendem e acompanham essas fam\u00edlias, o programa chega a atingir metas mensalmente de aproximadamente 1000 visitas por m\u00eas.<\/p>\n\n\n\n<p><em>Ascom PMM<\/em><\/p>\n","protected":false},"excerpt":{"rendered":"<p>O programa Crian\u00e7a Feliz que \u00e9 considerado o maior programa de visita\u00e7\u00e3o domiciliar para o desenvolvimento da primeira inf\u00e2ncia do mundo, presente em mais da&hellip; <\/p>\n","protected":false},"author":2,"featured_media":154693,"comment_status":"closed","ping_status":"closed","sticky":false,"template":"","format":"standard","meta":{"sfsi_plus_gutenberg_text_before_share":"","sfsi_plus_gutenberg_show_text_before_share":"","sfsi_plus_gutenberg_icon_type":"","sfsi_plus_gutenberg_icon_alignemt":"","sfsi_plus_gutenburg_max_per_row":"","footnotes":""},"categories":[2],"tags":[],"class_list":["post-154692","post","type-post","status-publish","format-standard","has-post-thumbnail","hentry","category-geral"],"_links":{"self":[{"href":"https:\/\/www.caririemacao.com\/1\/wp-json\/wp\/v2\/posts\/154692","targetHints":{"allow":["GET"]}}],"collection":[{"href":"https:\/\/www.caririemacao.com\/1\/wp-json\/wp\/v2\/posts"}],"about":[{"href":"https:\/\/www.caririemacao.com\/1\/wp-json\/wp\/v2\/types\/post"}],"author":[{"embeddable":true,"href":"https:\/\/www.caririemacao.com\/1\/wp-json\/wp\/v2\/users\/2"}],"replies":[{"embeddable":true,"href":"https:\/\/www.caririemacao.com\/1\/wp-json\/wp\/v2\/comments?post=154692"}],"version-history":[{"count":1,"href":"https:\/\/www.caririemacao.com\/1\/wp-json\/wp\/v2\/posts\/154692\/revisions"}],"predecessor-version":[{"id":154694,"href":"https:\/\/www.caririemacao.com\/1\/wp-json\/wp\/v2\/posts\/154692\/revisions\/154694"}],"wp:featuredmedia":[{"embeddable":true,"href":"https:\/\/www.caririemacao.com\/1\/wp-json\/wp\/v2\/media\/154693"}],"wp:attachment":[{"href":"https:\/\/www.caririemacao.com\/1\/wp-json\/wp\/v2\/media?parent=154692"}],"wp:term":[{"taxonomy":"category","embeddable":true,"href":"https:\/\/www.caririemacao.com\/1\/wp-json\/wp\/v2\/categories?post=154692"},{"taxonomy":"post_tag","embeddable":true,"href":"https:\/\/www.caririemacao.com\/1\/wp-json\/wp\/v2\/tags?post=154692"}],"curies":[{"name":"wp","href":"https:\/\/api.w.org\/{rel}","templated":true}]}}