{"id":154696,"date":"2020-02-22T08:50:00","date_gmt":"2020-02-22T11:50:00","guid":{"rendered":"http:\/\/www.caririemacao.com\/1\/?p=154696"},"modified":"2020-02-22T08:50:01","modified_gmt":"2020-02-22T11:50:01","slug":"evento-catolico-comeca-neste-domingo-e-deve-reunir-50-mil-pessoas-no-crescer-2020-em-campina-grande","status":"publish","type":"post","link":"https:\/\/www.caririemacao.com\/1\/2020\/02\/22\/evento-catolico-comeca-neste-domingo-e-deve-reunir-50-mil-pessoas-no-crescer-2020-em-campina-grande\/","title":{"rendered":"Evento Cat\u00f3lico come\u00e7a neste domingo e deve reunir 50 mil pessoas no Crescer 2020, em Campina Grande"},"content":{"rendered":"\n<p>Come\u00e7a neste domingo, 23\/02, a 23\u00aa edi\u00e7\u00e3o do Crescer \u2013 o Encontro da Fam\u00edlia Cat\u00f3lica, promovido pela Comunidade de S\u00e3o Pio X, da Diocese de Campina Grande. O encontro segue at\u00e9 a ter\u00e7a-feira de carnaval e espera reunir um p\u00fablico superior a 50 mil pessoas este ano, durante os tr\u00eas dias, na casa de shows Spazzio, em Campina Grande. O tema \u201cFam\u00edlia \u2013 Buscai as Coisas do Alto\u201d ser\u00e1 abordado por diversos pregadores, bispos e padres da Para\u00edba e de outros estados do Brasil.<\/p>\n\n\n\n<div class=\"wp-block-image\"><figure class=\"alignright\"><img decoding=\"async\" data-src=\"http:\/\/deolhonocariri.com.br\/wp-content\/uploads\/2020\/02\/86980204_2409756089334959_695151808456163328_n.jpg\" alt=\"\" class=\"wp-image-78278 lazyload\" src=\"data:image\/svg+xml;base64,PHN2ZyB3aWR0aD0iMSIgaGVpZ2h0PSIxIiB4bWxucz0iaHR0cDovL3d3dy53My5vcmcvMjAwMC9zdmciPjwvc3ZnPg==\" \/><\/figure><\/div>\n\n\n\n<p>Quem abre a programa\u00e7\u00e3o do encontro, no primeiro dia, \u00e9 o Padre Chrystian Shankar da Par\u00f3quia de Nossa Senhora Aparecida \u2013 Divin\u00f3polis \u2013 Minas Gerais, com a prega\u00e7\u00e3o \u201cFam\u00edlia \u2013 Buscai a Miseric\u00f3rdia\u201d, seguida pela adora\u00e7\u00e3o ao Sant\u00edssimo Sacramento conduzida pelos padres Rodolfo Lucena, Coordenador Diocesano do Setor Juventude e Padre Roger Lu\u00eds, da Diocese de Lorena \u2013 S\u00e3o Paulo \u2013 Comunidade Can\u00e7\u00e3o Nova. A tarde de programa\u00e7\u00e3o segue com a prega\u00e7\u00e3o \u201cFam\u00edlia \u2013 Buscai a Paz e a Justi\u00e7a\u201d do Padre Roger Lu\u00eds e Santa Missa presidida pelo Bispo Diocesano de Campo Maior Dom Francisco Gabriel.<\/p>\n\n\n\n<p>Com in\u00edcio sempre \u00e0s 8h30 da manh\u00e3 e encerramento \u00e0s 18h30, o encontro \u00e9 gratuito e n\u00e3o exige inscri\u00e7\u00e3o para participa\u00e7\u00e3o. Este ano, o Crescer 2020 oferece programa\u00e7\u00e3o para jovens, adultos e crian\u00e7as, al\u00e9m de restaurantes, quiosques, pra\u00e7a de alimenta\u00e7\u00e3o, loja de artigos religiosos e souvenirs, livros, ambientes climatizados, frald\u00e1rio, espa\u00e7o da miseric\u00f3rdia, dedicado \u00e0 confiss\u00e3o e servi\u00e7o de atendimento de sa\u00fade.<\/p>\n\n\n\n<p>Ao longo da programa\u00e7\u00e3o, o Crescer 2020 ainda trar\u00e1 o Padre Cleidimar Moreira, da Arquidiocese de Goi\u00e2nia, Frei Gilson, da Diocese de Santo Amaro \u2013 S\u00e3o Paulo, Padre Fabr\u00edcio Tim\u00f3teo, da Diocese de Patos-PB e os Bispos Dom Jos\u00e9 Ruy Gon\u00e7alves Lopes, de Caruaru, e Dom Dulc\u00eanio Fontes de Matos, de Campina Grande, como anfitri\u00e3o, e v\u00e1rios padres e mission\u00e1rios de Campina Grande. O evento cat\u00f3lico contar\u00e1 com prega\u00e7\u00f5es, adora\u00e7\u00e3o ao Sant\u00edssimo Sacramento, recita\u00e7\u00e3o do ter\u00e7o, missas e shows cat\u00f3licos.<\/p>\n\n\n\n<div class=\"wp-block-image\"><figure class=\"aligncenter\"><img decoding=\"async\" data-src=\"http:\/\/deolhonocariri.com.br\/wp-content\/uploads\/2020\/02\/86870101_202827301082026_5206360021931130880_n.jpg\" alt=\"\" class=\"wp-image-78279 lazyload\" src=\"data:image\/svg+xml;base64,PHN2ZyB3aWR0aD0iMSIgaGVpZ2h0PSIxIiB4bWxucz0iaHR0cDovL3d3dy53My5vcmcvMjAwMC9zdmciPjwvc3ZnPg==\" \/><\/figure><\/div>\n\n\n\n<p>Para garantir o acesso do p\u00fablico ao encontro, a coordena\u00e7\u00e3o do Crescer firmou parceria com a Superintend\u00eancia de Tr\u00e2nsito de Campina Grande e os \u00f4nibus coletivos alterar\u00e3o suas rotas e deixar\u00e3o os fi\u00e9is dentro do estacionamento do Spazzio. \u00d4nibus de caravanas de par\u00f3quias tamb\u00e9m transportar\u00e3o fi\u00e9is, de forma gratuita, diariamente, at\u00e9 o Crescer, saindo de v\u00e1rias par\u00f3quias em hor\u00e1rios distintos.<\/p>\n\n\n\n<p>Mais informa\u00e7\u00f5es sobre programa\u00e7\u00e3o e rotas\/hor\u00e1rios de \u00f4nibus podem ser adquiridas no site&nbsp;<a href=\"http:\/\/www.comunidadepiox.org.br\/?fbclid=IwAR3cF9JV14lEls_5O5rqulx7OdOkp7hRvmMbgY_dqsELFqBw0fPFCRsItj4\" target=\"_blank\" rel=\"noreferrer noopener\">www.comunidadepiox.org.br<\/a>, em suas redes sociais ou pelo telefone (83) 3341.7017.<\/p>\n","protected":false},"excerpt":{"rendered":"<p>Come\u00e7a neste domingo, 23\/02, a 23\u00aa edi\u00e7\u00e3o do Crescer \u2013 o Encontro da Fam\u00edlia Cat\u00f3lica, promovido pela Comunidade de S\u00e3o Pio X, da Diocese de&hellip; <\/p>\n","protected":false},"author":2,"featured_media":154697,"comment_status":"closed","ping_status":"closed","sticky":false,"template":"","format":"standard","meta":{"sfsi_plus_gutenberg_text_before_share":"","sfsi_plus_gutenberg_show_text_before_share":"","sfsi_plus_gutenberg_icon_type":"","sfsi_plus_gutenberg_icon_alignemt":"","sfsi_plus_gutenburg_max_per_row":"","footnotes":""},"categories":[2],"tags":[],"class_list":["post-154696","post","type-post","status-publish","format-standard","has-post-thumbnail","hentry","category-geral"],"_links":{"self":[{"href":"https:\/\/www.caririemacao.com\/1\/wp-json\/wp\/v2\/posts\/154696","targetHints":{"allow":["GET"]}}],"collection":[{"href":"https:\/\/www.caririemacao.com\/1\/wp-json\/wp\/v2\/posts"}],"about":[{"href":"https:\/\/www.caririemacao.com\/1\/wp-json\/wp\/v2\/types\/post"}],"author":[{"embeddable":true,"href":"https:\/\/www.caririemacao.com\/1\/wp-json\/wp\/v2\/users\/2"}],"replies":[{"embeddable":true,"href":"https:\/\/www.caririemacao.com\/1\/wp-json\/wp\/v2\/comments?post=154696"}],"version-history":[{"count":1,"href":"https:\/\/www.caririemacao.com\/1\/wp-json\/wp\/v2\/posts\/154696\/revisions"}],"predecessor-version":[{"id":154698,"href":"https:\/\/www.caririemacao.com\/1\/wp-json\/wp\/v2\/posts\/154696\/revisions\/154698"}],"wp:featuredmedia":[{"embeddable":true,"href":"https:\/\/www.caririemacao.com\/1\/wp-json\/wp\/v2\/media\/154697"}],"wp:attachment":[{"href":"https:\/\/www.caririemacao.com\/1\/wp-json\/wp\/v2\/media?parent=154696"}],"wp:term":[{"taxonomy":"category","embeddable":true,"href":"https:\/\/www.caririemacao.com\/1\/wp-json\/wp\/v2\/categories?post=154696"},{"taxonomy":"post_tag","embeddable":true,"href":"https:\/\/www.caririemacao.com\/1\/wp-json\/wp\/v2\/tags?post=154696"}],"curies":[{"name":"wp","href":"https:\/\/api.w.org\/{rel}","templated":true}]}}