{"id":154716,"date":"2020-02-22T15:16:57","date_gmt":"2020-02-22T18:16:57","guid":{"rendered":"http:\/\/www.caririemacao.com\/1\/?p=154716"},"modified":"2020-02-22T15:16:59","modified_gmt":"2020-02-22T18:16:59","slug":"numero-de-infectados-pelo-novo-coronavirus-na-china-passa-dos-76-mil","status":"publish","type":"post","link":"https:\/\/www.caririemacao.com\/1\/2020\/02\/22\/numero-de-infectados-pelo-novo-coronavirus-na-china-passa-dos-76-mil\/","title":{"rendered":"N\u00famero de infectados pelo novo coronav\u00edrus na China passa dos 76 mil"},"content":{"rendered":"\n<p>O n\u00famero de casos de Covid-19, a doen\u00e7a causada pelo novo coronav\u00edrus, subiu para 76.392 na China na manh\u00e3 deste s\u00e1bado (22), 825 a mais que o registrado no \u00faltimo levantamento. Foram registradas 2.348 mortes, 109 a mais que no \u00faltimo balan\u00e7o.<\/p>\n\n\n\n<p>A It\u00e1lia confirmou a segunda morte causada pelo Covid-19. Uma mulher de 75 anos moradora do norte do pa\u00eds. J\u00e1 s\u00e3o 31 casos confirmados da doen\u00e7a no pa\u00eds. \u00c9 a terceira morte causada pelo coronav\u00edrus na Europa.<\/p>\n\n\n\n<p>J\u00e1 o Ir\u00e3 registrou a quinta morte causada pelo v\u00edrus neste s\u00e1bado. De acordo com o governo local, j\u00e1 s\u00e3o 28 casos confirmados de Covid-19. A Coreia do Sul j\u00e1 registrou 433 confirma\u00e7\u00f5es da doen\u00e7a.<\/p>\n\n\n\n<p>No mundo, s\u00e3o 1.252 pacientes que est\u00e3o com o novo coronav\u00edrus e 11 pessoas j\u00e1 morreram em 29 pa\u00edses.<\/p>\n\n\n\n<p><strong>OMS vai investir US$ 675 milh\u00f5es<\/strong><\/p>\n\n\n\n<p>O diretor-geral da Organiza\u00e7\u00e3o Mundial da Sa\u00fade (OMS), Tedros Adhanom, disse neste s\u00e1bado que a ag\u00eancia vai investir US$ 675 milh\u00f5es em um plano de resposta \u00e0 doen\u00e7a para apoiar os pa\u00edses, especialmente os mais vulner\u00e1veis.<\/p>\n\n\n\n<p>Ele afirma que a OMS identificou 13 pa\u00edses priorit\u00e1rios na \u00c1frica por serem locais com alto n\u00famero de voos diretos para a China.<\/p>\n\n\n\n<p>Segundo Adhanom, a preocupa\u00e7\u00e3o da organiza\u00e7\u00e3o no momento \u00e9 o aumento no n\u00famero de casos de Covid-19 sem rela\u00e7\u00e3o epidemiol\u00f3gica clara, ou seja, sem que a pessoa infectada tenha viajado \u00e0 China ou tido contato com algu\u00e9m que esteve l\u00e1.<\/p>\n\n\n\n<p><strong>Situa\u00e7\u00e3o no Brasil<\/strong><\/p>\n\n\n\n<p>O Minist\u00e9rio da Sa\u00fade monitora um caso suspeito do novo coronav\u00edrus &#8211; de uma paciente do Rio de Janeiro que esteve na China. Outros 51 j\u00e1 foram descartados, segundo atualiza\u00e7\u00e3o desta sexta (21)<\/p>\n","protected":false},"excerpt":{"rendered":"<p>O n\u00famero de casos de Covid-19, a doen\u00e7a causada pelo novo coronav\u00edrus, subiu para 76.392 na China na manh\u00e3 deste s\u00e1bado (22), 825 a mais&hellip; <\/p>\n","protected":false},"author":2,"featured_media":152306,"comment_status":"closed","ping_status":"closed","sticky":false,"template":"","format":"standard","meta":{"sfsi_plus_gutenberg_text_before_share":"","sfsi_plus_gutenberg_show_text_before_share":"","sfsi_plus_gutenberg_icon_type":"","sfsi_plus_gutenberg_icon_alignemt":"","sfsi_plus_gutenburg_max_per_row":"","footnotes":""},"categories":[2],"tags":[],"class_list":["post-154716","post","type-post","status-publish","format-standard","has-post-thumbnail","hentry","category-geral"],"_links":{"self":[{"href":"https:\/\/www.caririemacao.com\/1\/wp-json\/wp\/v2\/posts\/154716","targetHints":{"allow":["GET"]}}],"collection":[{"href":"https:\/\/www.caririemacao.com\/1\/wp-json\/wp\/v2\/posts"}],"about":[{"href":"https:\/\/www.caririemacao.com\/1\/wp-json\/wp\/v2\/types\/post"}],"author":[{"embeddable":true,"href":"https:\/\/www.caririemacao.com\/1\/wp-json\/wp\/v2\/users\/2"}],"replies":[{"embeddable":true,"href":"https:\/\/www.caririemacao.com\/1\/wp-json\/wp\/v2\/comments?post=154716"}],"version-history":[{"count":1,"href":"https:\/\/www.caririemacao.com\/1\/wp-json\/wp\/v2\/posts\/154716\/revisions"}],"predecessor-version":[{"id":154717,"href":"https:\/\/www.caririemacao.com\/1\/wp-json\/wp\/v2\/posts\/154716\/revisions\/154717"}],"wp:featuredmedia":[{"embeddable":true,"href":"https:\/\/www.caririemacao.com\/1\/wp-json\/wp\/v2\/media\/152306"}],"wp:attachment":[{"href":"https:\/\/www.caririemacao.com\/1\/wp-json\/wp\/v2\/media?parent=154716"}],"wp:term":[{"taxonomy":"category","embeddable":true,"href":"https:\/\/www.caririemacao.com\/1\/wp-json\/wp\/v2\/categories?post=154716"},{"taxonomy":"post_tag","embeddable":true,"href":"https:\/\/www.caririemacao.com\/1\/wp-json\/wp\/v2\/tags?post=154716"}],"curies":[{"name":"wp","href":"https:\/\/api.w.org\/{rel}","templated":true}]}}