{"id":154718,"date":"2020-02-22T15:18:09","date_gmt":"2020-02-22T18:18:09","guid":{"rendered":"http:\/\/www.caririemacao.com\/1\/?p=154718"},"modified":"2020-02-22T15:18:11","modified_gmt":"2020-02-22T18:18:11","slug":"secretaria-de-educacao-do-estado-faz-selecao-interna-de-professores-para-se-liga-no-enem","status":"publish","type":"post","link":"https:\/\/www.caririemacao.com\/1\/2020\/02\/22\/secretaria-de-educacao-do-estado-faz-selecao-interna-de-professores-para-se-liga-no-enem\/","title":{"rendered":"Secretaria de Educa\u00e7\u00e3o do Estado faz sele\u00e7\u00e3o interna de professores para &#8221;Se Liga no Enem&#8217;"},"content":{"rendered":"\n<p>A Secretaria de Estado da Educa\u00e7\u00e3o e da Ci\u00eancia e Tecnologia abriu processo seletivo interno de professores para atuarem como consultores no programa Se Liga no Enem Para\u00edba. As inscri\u00e7\u00f5es come\u00e7am ao meio dia deste s\u00e1bado (22) e seguem at\u00e9 a pr\u00f3xima quinta-feira (27) no site&nbsp;<a href=\"http:\/\/see.pb.gov.br\/seliganoenem\/\">http:\/\/see.pb.gov.br\/seliganoenem\/<\/a>.<\/p>\n\n\n\n<p>O edital foi publicado no Di\u00e1rio Oficial do Estado deste s\u00e1bado (22).<\/p>\n\n\n\n<p>H\u00e1 14 vagas para preenchimento imediato e mais 14 para cadastro de reserva nas \u00e1reas de Linguagens, Matem\u00e1tica, Ci\u00eancias da Natureza, Ci\u00eancias Humanas e Tecnologia da Informa\u00e7\u00e3o.<\/p>\n\n\n\n<p>Para concorrer \u00e9 necess\u00e1rio ser professor efetivo da rede estadual de ensino e possuir 20 horas semanais dispon\u00edveis para exercer a fun\u00e7\u00e3o, al\u00e9m de ter experi\u00eancia de no m\u00ednimo tr\u00eas anos de sala de aula para o ensino m\u00e9dio.<\/p>\n","protected":false},"excerpt":{"rendered":"<p>A Secretaria de Estado da Educa\u00e7\u00e3o e da Ci\u00eancia e Tecnologia abriu processo seletivo interno de professores para atuarem como consultores no programa Se Liga&hellip; <\/p>\n","protected":false},"author":2,"featured_media":154719,"comment_status":"closed","ping_status":"closed","sticky":false,"template":"","format":"standard","meta":{"sfsi_plus_gutenberg_text_before_share":"","sfsi_plus_gutenberg_show_text_before_share":"","sfsi_plus_gutenberg_icon_type":"","sfsi_plus_gutenberg_icon_alignemt":"","sfsi_plus_gutenburg_max_per_row":"","footnotes":""},"categories":[14],"tags":[],"class_list":["post-154718","post","type-post","status-publish","format-standard","has-post-thumbnail","hentry","category-educacao"],"_links":{"self":[{"href":"https:\/\/www.caririemacao.com\/1\/wp-json\/wp\/v2\/posts\/154718","targetHints":{"allow":["GET"]}}],"collection":[{"href":"https:\/\/www.caririemacao.com\/1\/wp-json\/wp\/v2\/posts"}],"about":[{"href":"https:\/\/www.caririemacao.com\/1\/wp-json\/wp\/v2\/types\/post"}],"author":[{"embeddable":true,"href":"https:\/\/www.caririemacao.com\/1\/wp-json\/wp\/v2\/users\/2"}],"replies":[{"embeddable":true,"href":"https:\/\/www.caririemacao.com\/1\/wp-json\/wp\/v2\/comments?post=154718"}],"version-history":[{"count":1,"href":"https:\/\/www.caririemacao.com\/1\/wp-json\/wp\/v2\/posts\/154718\/revisions"}],"predecessor-version":[{"id":154720,"href":"https:\/\/www.caririemacao.com\/1\/wp-json\/wp\/v2\/posts\/154718\/revisions\/154720"}],"wp:featuredmedia":[{"embeddable":true,"href":"https:\/\/www.caririemacao.com\/1\/wp-json\/wp\/v2\/media\/154719"}],"wp:attachment":[{"href":"https:\/\/www.caririemacao.com\/1\/wp-json\/wp\/v2\/media?parent=154718"}],"wp:term":[{"taxonomy":"category","embeddable":true,"href":"https:\/\/www.caririemacao.com\/1\/wp-json\/wp\/v2\/categories?post=154718"},{"taxonomy":"post_tag","embeddable":true,"href":"https:\/\/www.caririemacao.com\/1\/wp-json\/wp\/v2\/tags?post=154718"}],"curies":[{"name":"wp","href":"https:\/\/api.w.org\/{rel}","templated":true}]}}