{"id":154722,"date":"2020-02-22T15:19:32","date_gmt":"2020-02-22T18:19:32","guid":{"rendered":"http:\/\/www.caririemacao.com\/1\/?p=154722"},"modified":"2020-02-22T15:19:35","modified_gmt":"2020-02-22T18:19:35","slug":"governo-do-estado-garante-seguranca-no-carnaval-e-emprega-policiais-militares-e-civis-e-bombeiros","status":"publish","type":"post","link":"https:\/\/www.caririemacao.com\/1\/2020\/02\/22\/governo-do-estado-garante-seguranca-no-carnaval-e-emprega-policiais-militares-e-civis-e-bombeiros\/","title":{"rendered":"Governo do Estado garante seguran\u00e7a no Carnaval e emprega policiais militares e civis e bombeiros"},"content":{"rendered":"\n<p>Os foli\u00f5es paraibanos podem ficar tranquilos que vai ter seguran\u00e7a no carnaval. \u00c9 o que garante o Governo do Estado, que montou um esquema envolvendo cerca de dois mil militares e mais de mil policiais civis.<\/p>\n\n\n\n<p>As atividades ser\u00e3o iniciadas neste s\u00e1bado (22) e seguem at\u00e9 a Quarta-feira de Cinzas, com a execu\u00e7\u00e3o de um Planejamento Operacional da Secretaria de Estado da Seguran\u00e7a e da Defesa Social (Sesds), que envolve a\u00e7\u00f5es preventivas e repressivas, realiza\u00e7\u00e3o de procedimentos policiais, al\u00e9m de resgates e salvamentos, tanto na regi\u00e3o do litoral como no sert\u00e3o paraibano.<\/p>\n\n\n\n<p>A Pol\u00edcia Militar montou um esquema envolvendo o refor\u00e7o de 1.850 policiais por dia, especificamente para os festejos e locais de maior movimenta\u00e7\u00e3o nesta \u00e9poca. Eles ser\u00e3o auxiliados por toda uma log\u00edstica de viaturas, POPs (Pontos de Observa\u00e7\u00e3o Policial), drones e van de videomonitoramento. Entre as pr\u00e9vias e o carnaval, a PM estar\u00e1 atuando em pelo menos 629 eventos, o que demanda mais de 17 mil servi\u00e7os gerados.<\/p>\n\n\n\n<p>O refor\u00e7o maior \u00e9 para o litoral paraibano, com mais de 900 policiais por dia, atuando nas praias de Jacum\u00e3, Lucena e Ba\u00eda da Trai\u00e7\u00e3o, entre outros destinos. As a\u00e7\u00f5es de tr\u00e2nsito e a preven\u00e7\u00e3o aos crimes ambientais tamb\u00e9m fazem parte do planejamento montado pela corpora\u00e7\u00e3o, com a presen\u00e7a do Batalh\u00e3o de Policiamento de Tr\u00e2nsito (BPTran) e do Batalh\u00e3o de Pol\u00edcia Ambiental (BPAmb).<\/p>\n\n\n\n<p>As a\u00e7\u00f5es do Corpo de Bombeiros Militar (CBMPB) incluem preven\u00e7\u00e3o e o salvamento aqu\u00e1tico, que ser\u00e3o os principais focos da institui\u00e7\u00e3o no Carnaval 2020. Al\u00e9m disso, ser\u00e1 realizado combate a inc\u00eandio, atendimento pr\u00e9-hospitalar e busca e salvamento, bem como a atua\u00e7\u00e3o dos mergulhadores de resgate, que acontecer\u00e1 em todo o per\u00edodo carnavalesco. De forma geral, ser\u00e3o 454 militares empregados durante o per\u00edodo, desenvolvendo a\u00e7\u00f5es de preven\u00e7\u00e3o e emerg\u00eancia, auxiliados por 10 embarca\u00e7\u00f5es.<\/p>\n\n\n\n<p>O emprego ser\u00e1 feito de modo a otimizar o servi\u00e7o durante os dias de festa, garantindo assim a divers\u00e3o daqueles que passar\u00e3o o feriado na regi\u00e3o metropolitana de Jo\u00e3o Pessoa, em especial nas praias. Em decorr\u00eancia do aumento de banhistas no litoral paraibano, a institui\u00e7\u00e3o incrementa a preven\u00e7\u00e3o aqu\u00e1tica. Da praia de Barra de Camaratuba at\u00e9 Aca\u00fa, na cidade de Pitimbu, a corpora\u00e7\u00e3o ter\u00e1 guarda-vidas espalhados nos pontos tradicionalmente mais movimentados, totalizando 36 postos ativos. Ainda ir\u00e3o acontecer blitzen preventivas nas vias que d\u00e3o acesso \u00e0s principais praias, juntamente com o Departamento Estadual de Tr\u00e2nsito (Detran) da Para\u00edba.<\/p>\n\n\n\n<p>A Pol\u00edcia Civil da Para\u00edba vai aumentar o efetivo nas delegacias e manter p\u00f3los de atendimento em regime de plant\u00e3o durante o Carnaval, em todas as regi\u00f5es do Estado. Ser\u00e3o utilizados 1.005 policiais civis em escalas de plant\u00e3o entre delegados, escriv\u00e3es, agentes de investiga\u00e7\u00e3o, agentes operacionais, peritos, t\u00e9cnicos em per\u00edcia, necrotomistas e papiloscopistas. Para atendimento \u00e0 popula\u00e7\u00e3o, tamb\u00e9m ser\u00e3o utilizadas 270 viaturas espalhadas entre os p\u00f3los de plant\u00e3o das seccionais de Pol\u00edcia Civil do litoral ao sert\u00e3o.<\/p>\n\n\n\n<p>A Delegacia M\u00f3vel estar\u00e1 presente nos pontos mais movimentados durante o per\u00edodo carnavalesco. Em Jo\u00e3o Pessoa, al\u00e9m dos plant\u00f5es j\u00e1 realizados cotidianamente na Central de Pol\u00edcia, dever\u00e3o abrir tamb\u00e9m \u00e0 noite em plant\u00e3o 24 horas a 10\u00aa Delegacia Distrital (Av. Nego) e a Delegacia do Turista, localizada no t\u00e9rreo do pr\u00e9dio da PBTur, em Tamba\u00fa. Ainda \u00e9 poss\u00edvel utilizar a Delegacia On Line (<a href=\"http:\/\/www.delegaciaonline.pb.gov.br\/\">www.delegaciaonline.pb.gov.br<\/a>) para registros de ocorr\u00eancias que n\u00e3o envolvem viol\u00eancia, como perdas, furtos, extravios, acidentes de tr\u00e2nsito sem v\u00edtimas e tamb\u00e9m para registro de desaparecimento de pessoas.<\/p>\n","protected":false},"excerpt":{"rendered":"<p>Os foli\u00f5es paraibanos podem ficar tranquilos que vai ter seguran\u00e7a no carnaval. \u00c9 o que garante o Governo do Estado, que montou um esquema envolvendo&hellip; <\/p>\n","protected":false},"author":2,"featured_media":154723,"comment_status":"closed","ping_status":"closed","sticky":false,"template":"","format":"standard","meta":{"sfsi_plus_gutenberg_text_before_share":"","sfsi_plus_gutenberg_show_text_before_share":"","sfsi_plus_gutenberg_icon_type":"","sfsi_plus_gutenberg_icon_alignemt":"","sfsi_plus_gutenburg_max_per_row":"","footnotes":""},"categories":[2],"tags":[],"class_list":["post-154722","post","type-post","status-publish","format-standard","has-post-thumbnail","hentry","category-geral"],"_links":{"self":[{"href":"https:\/\/www.caririemacao.com\/1\/wp-json\/wp\/v2\/posts\/154722","targetHints":{"allow":["GET"]}}],"collection":[{"href":"https:\/\/www.caririemacao.com\/1\/wp-json\/wp\/v2\/posts"}],"about":[{"href":"https:\/\/www.caririemacao.com\/1\/wp-json\/wp\/v2\/types\/post"}],"author":[{"embeddable":true,"href":"https:\/\/www.caririemacao.com\/1\/wp-json\/wp\/v2\/users\/2"}],"replies":[{"embeddable":true,"href":"https:\/\/www.caririemacao.com\/1\/wp-json\/wp\/v2\/comments?post=154722"}],"version-history":[{"count":1,"href":"https:\/\/www.caririemacao.com\/1\/wp-json\/wp\/v2\/posts\/154722\/revisions"}],"predecessor-version":[{"id":154724,"href":"https:\/\/www.caririemacao.com\/1\/wp-json\/wp\/v2\/posts\/154722\/revisions\/154724"}],"wp:featuredmedia":[{"embeddable":true,"href":"https:\/\/www.caririemacao.com\/1\/wp-json\/wp\/v2\/media\/154723"}],"wp:attachment":[{"href":"https:\/\/www.caririemacao.com\/1\/wp-json\/wp\/v2\/media?parent=154722"}],"wp:term":[{"taxonomy":"category","embeddable":true,"href":"https:\/\/www.caririemacao.com\/1\/wp-json\/wp\/v2\/categories?post=154722"},{"taxonomy":"post_tag","embeddable":true,"href":"https:\/\/www.caririemacao.com\/1\/wp-json\/wp\/v2\/tags?post=154722"}],"curies":[{"name":"wp","href":"https:\/\/api.w.org\/{rel}","templated":true}]}}