{"id":154734,"date":"2020-02-22T15:28:29","date_gmt":"2020-02-22T18:28:29","guid":{"rendered":"http:\/\/www.caririemacao.com\/1\/?p=154734"},"modified":"2020-02-22T15:30:05","modified_gmt":"2020-02-22T18:30:05","slug":"secretaria-de-assistencia-social-de-caraubas-promove-reuniao-com-beneficiarios-do-bolsa-familia-e","status":"publish","type":"post","link":"https:\/\/www.caririemacao.com\/1\/2020\/02\/22\/secretaria-de-assistencia-social-de-caraubas-promove-reuniao-com-beneficiarios-do-bolsa-familia-e\/","title":{"rendered":"Secretaria de Assist\u00eancia Social de Cara\u00fabas promove reuni\u00e3o com benefici\u00e1rios do bolsa fam\u00edlia e apresenta nova equipe"},"content":{"rendered":"\n<div class=\"wp-block-image\"><figure class=\"aligncenter\"><img decoding=\"async\" data-src=\"http:\/\/deolhonocariri.com.br\/wp-content\/uploads\/2020\/02\/85206303_2605939606181813_85578975719456768_n.jpg\" alt=\"\" class=\"wp-image-78321 lazyload\" src=\"data:image\/svg+xml;base64,PHN2ZyB3aWR0aD0iMSIgaGVpZ2h0PSIxIiB4bWxucz0iaHR0cDovL3d3dy53My5vcmcvMjAwMC9zdmciPjwvc3ZnPg==\" \/><\/figure><\/div>\n\n\n\n<p>Desde a \u00faltima ter\u00e7a-feira, dia 17, que a Secretaria da Assist\u00eancia Social da Prefeitura Municipal de Cara\u00fabas vem realizando reuni\u00f5es com os benefici\u00e1rios do Programa Bolsa Fam\u00edlia do munic\u00edpio com o proposito de apresentar a equipe da SEMAS e de oficineiro que desenvolver\u00e3o as atividades no ano de 2020.<\/p>\n\n\n\n<p>A secret\u00e1ria da Assist\u00eancia Social, Fl\u00e1via Quirino, coordenou as reuni\u00f5es realizadas nas comunidades de Cara\u00fabas, Distrito de Barreiras e na comunidade da Passagem. Nosso maior objetivo \u00e9 apresentar nossa equipe de trabalho para o ano de 2020, tirar d\u00favidas sobre a funcionalidade do PBF com nossos t\u00e9cnicos, bem como, realizar novos cadastros para os grupos do Servi\u00e7o de Conviv\u00eancia e Fortalecimento de V\u00ednculos \u2013 SCFV, do munic\u00edpio, afirmou ela.<\/p>\n\n\n\n<div class=\"wp-block-image\"><figure class=\"alignright\"><img decoding=\"async\" data-src=\"http:\/\/deolhonocariri.com.br\/wp-content\/uploads\/2020\/02\/84128157_2605939626181811_5059733098325868544_n.jpg\" alt=\"\" class=\"wp-image-78320 lazyload\" src=\"data:image\/svg+xml;base64,PHN2ZyB3aWR0aD0iMSIgaGVpZ2h0PSIxIiB4bWxucz0iaHR0cDovL3d3dy53My5vcmcvMjAwMC9zdmciPjwvc3ZnPg==\" \/><\/figure><\/div>\n\n\n\n<p>Centenas de usu\u00e1rios participaram das reuni\u00f5es que contou com a presen\u00e7a de toda equipe da SEMAS. Em Cara\u00fabas a reuni\u00e3o foi realizada no Clube 5 de Maio, no per\u00edodo da tarde e serviu como ponto de partida para as demais reuni\u00f5es da semana.<\/p>\n\n\n\n<p>\u00c9 importante que os usu\u00e1rios participem para tirar todas as suas d\u00favidas sobre a funcionalidade do Programa. Estamos abertos para acolher os interessados em participar de todas as atividades do nosso servi\u00e7o que conta com o apoio irrestrito da gest\u00e3o O Futuro \u00e9 nossa gente. O prefeito Silvano Dudu n\u00e3o tem medido esfor\u00e7os para que possamos da sequencia a todos os nosso servi\u00e7os sociais, numa clara demonstra\u00e7\u00e3o de que apesar da crise vivida pela falta ou corte de recursos federais, o mais importante \u00e9 n\u00e3o deixar de servir a popula\u00e7\u00e3o que mais precisa, disse ela.<\/p>\n\n\n\n<p>O SCFV do munic\u00edpio continuar\u00e1 beneficiando crian\u00e7as, jovens, adolescentes, mulheres e idosos durante o ano de 2020 e oportunizando a todos a inser\u00e7\u00e3o social e a garantia dos direitos adquiridos.<\/p>\n\n\n\n<p><em>Seplacom<\/em><\/p>\n","protected":false},"excerpt":{"rendered":"<p>Desde a \u00faltima ter\u00e7a-feira, dia 17, que a Secretaria da Assist\u00eancia Social da Prefeitura Municipal de Cara\u00fabas vem realizando reuni\u00f5es com os benefici\u00e1rios do Programa&hellip; <\/p>\n","protected":false},"author":2,"featured_media":154735,"comment_status":"closed","ping_status":"closed","sticky":false,"template":"","format":"standard","meta":{"sfsi_plus_gutenberg_text_before_share":"","sfsi_plus_gutenberg_show_text_before_share":"","sfsi_plus_gutenberg_icon_type":"","sfsi_plus_gutenberg_icon_alignemt":"","sfsi_plus_gutenburg_max_per_row":"","footnotes":""},"categories":[2],"tags":[],"class_list":["post-154734","post","type-post","status-publish","format-standard","has-post-thumbnail","hentry","category-geral"],"_links":{"self":[{"href":"https:\/\/www.caririemacao.com\/1\/wp-json\/wp\/v2\/posts\/154734","targetHints":{"allow":["GET"]}}],"collection":[{"href":"https:\/\/www.caririemacao.com\/1\/wp-json\/wp\/v2\/posts"}],"about":[{"href":"https:\/\/www.caririemacao.com\/1\/wp-json\/wp\/v2\/types\/post"}],"author":[{"embeddable":true,"href":"https:\/\/www.caririemacao.com\/1\/wp-json\/wp\/v2\/users\/2"}],"replies":[{"embeddable":true,"href":"https:\/\/www.caririemacao.com\/1\/wp-json\/wp\/v2\/comments?post=154734"}],"version-history":[{"count":3,"href":"https:\/\/www.caririemacao.com\/1\/wp-json\/wp\/v2\/posts\/154734\/revisions"}],"predecessor-version":[{"id":154740,"href":"https:\/\/www.caririemacao.com\/1\/wp-json\/wp\/v2\/posts\/154734\/revisions\/154740"}],"wp:featuredmedia":[{"embeddable":true,"href":"https:\/\/www.caririemacao.com\/1\/wp-json\/wp\/v2\/media\/154735"}],"wp:attachment":[{"href":"https:\/\/www.caririemacao.com\/1\/wp-json\/wp\/v2\/media?parent=154734"}],"wp:term":[{"taxonomy":"category","embeddable":true,"href":"https:\/\/www.caririemacao.com\/1\/wp-json\/wp\/v2\/categories?post=154734"},{"taxonomy":"post_tag","embeddable":true,"href":"https:\/\/www.caririemacao.com\/1\/wp-json\/wp\/v2\/tags?post=154734"}],"curies":[{"name":"wp","href":"https:\/\/api.w.org\/{rel}","templated":true}]}}