{"id":154772,"date":"2020-02-23T08:59:12","date_gmt":"2020-02-23T11:59:12","guid":{"rendered":"http:\/\/www.caririemacao.com\/1\/?p=154772"},"modified":"2020-02-23T08:59:14","modified_gmt":"2020-02-23T11:59:14","slug":"presidente-bolsonaro-decide-priorizar-mudanca-em-impostos-federais","status":"publish","type":"post","link":"https:\/\/www.caririemacao.com\/1\/2020\/02\/23\/presidente-bolsonaro-decide-priorizar-mudanca-em-impostos-federais\/","title":{"rendered":"Presidente Bolsonaro decide priorizar mudan\u00e7a em impostos federais"},"content":{"rendered":"\n<p>O presidente Jair Bolsonaro (sem partido) disse neste s\u00e1bado (22) &nbsp;que j\u00e1 pediu ao ministro da Economia Paulo Guedes que se preocupe somente com os impostos federais no tema reforma tribut\u00e1ria. Bolsonaro est\u00e1 no Guaruj\u00e1, litoral de S\u00e3o Paulo, onde passa o feriado de Carnaval.<\/p>\n\n\n\n<p>\u201cSe quiser botar estados e munic\u00edpios, vai acontecer o que vi ao longo de 28 anos dentro da C\u00e2mara. N\u00e3o se resolve. E continua essa quest\u00e3o a\u00ed, um emaranhado de leis\u201d, afirmou Bolsonaro em entrevista a uma jornalista da Record TV na porta de um mercado durante a manh\u00e3.<\/p>\n\n\n\n<p>As declara\u00e7\u00f5es do presidente foram transmitidas ao vivo em suas redes sociais.<\/p>\n\n\n\n<p>Com dois meses de atraso, o Congresso criou, na quarta-feira (19) a comiss\u00e3o formada por 25 deputados e 25 senadores para, em 45 dias, chegar a um texto de reforma tribut\u00e1ria que seja consensual entre C\u00e2mara, Senado e governo.<\/p>\n\n\n\n<p>Com o Parlamento esvaziado, a primeira reuni\u00e3o do grupo foi marcada para depois do Carnaval, no dia 3 de mar\u00e7o.<\/p>\n\n\n\n<p>Parlamentares envolvidos na elabora\u00e7\u00e3o da PEC (proposta de emenda \u00e0 Constitui\u00e7\u00e3o) querem aprovar o texto na C\u00e2mara e no Senado ainda neste primeiro semestre.<\/p>\n\n\n\n<p>O governo desistiu de enviar ao Congresso uma PEC pr\u00f3pria. Encaminhar\u00e1 apenas sugest\u00f5es.<\/p>\n\n\n\n<p>Bolsonaro tamb\u00e9m confirmou que o texto da reforma administrativa est\u00e1 pronto e ser\u00e1 encaminhado ao Congresso logo depois do Carnaval.<\/p>\n\n\n\n<p>O Executivo adiou por diversas vezes o envio da reforma administrativa. Uma das raz\u00f5es foi justamente pedidos de altera\u00e7\u00f5es feitas pelo presidente. Bolsonaro demonstra preocupa\u00e7\u00e3o de que o projeto possa indisp\u00f4-lo com os servidores p\u00fablicos e tem ressaltado que as mudan\u00e7as \u2013entre elas o fim da estabilidade\u2013 valer\u00e1 apenas para os novos concursados.<\/p>\n","protected":false},"excerpt":{"rendered":"<p>O presidente Jair Bolsonaro (sem partido) disse neste s\u00e1bado (22) &nbsp;que j\u00e1 pediu ao ministro da Economia Paulo Guedes que se preocupe somente com os&hellip; <\/p>\n","protected":false},"author":2,"featured_media":153948,"comment_status":"closed","ping_status":"closed","sticky":false,"template":"","format":"standard","meta":{"sfsi_plus_gutenberg_text_before_share":"","sfsi_plus_gutenberg_show_text_before_share":"","sfsi_plus_gutenberg_icon_type":"","sfsi_plus_gutenberg_icon_alignemt":"","sfsi_plus_gutenburg_max_per_row":"","footnotes":""},"categories":[11],"tags":[],"class_list":["post-154772","post","type-post","status-publish","format-standard","has-post-thumbnail","hentry","category-politica"],"_links":{"self":[{"href":"https:\/\/www.caririemacao.com\/1\/wp-json\/wp\/v2\/posts\/154772","targetHints":{"allow":["GET"]}}],"collection":[{"href":"https:\/\/www.caririemacao.com\/1\/wp-json\/wp\/v2\/posts"}],"about":[{"href":"https:\/\/www.caririemacao.com\/1\/wp-json\/wp\/v2\/types\/post"}],"author":[{"embeddable":true,"href":"https:\/\/www.caririemacao.com\/1\/wp-json\/wp\/v2\/users\/2"}],"replies":[{"embeddable":true,"href":"https:\/\/www.caririemacao.com\/1\/wp-json\/wp\/v2\/comments?post=154772"}],"version-history":[{"count":1,"href":"https:\/\/www.caririemacao.com\/1\/wp-json\/wp\/v2\/posts\/154772\/revisions"}],"predecessor-version":[{"id":154773,"href":"https:\/\/www.caririemacao.com\/1\/wp-json\/wp\/v2\/posts\/154772\/revisions\/154773"}],"wp:featuredmedia":[{"embeddable":true,"href":"https:\/\/www.caririemacao.com\/1\/wp-json\/wp\/v2\/media\/153948"}],"wp:attachment":[{"href":"https:\/\/www.caririemacao.com\/1\/wp-json\/wp\/v2\/media?parent=154772"}],"wp:term":[{"taxonomy":"category","embeddable":true,"href":"https:\/\/www.caririemacao.com\/1\/wp-json\/wp\/v2\/categories?post=154772"},{"taxonomy":"post_tag","embeddable":true,"href":"https:\/\/www.caririemacao.com\/1\/wp-json\/wp\/v2\/tags?post=154772"}],"curies":[{"name":"wp","href":"https:\/\/api.w.org\/{rel}","templated":true}]}}