{"id":154784,"date":"2020-02-23T09:06:43","date_gmt":"2020-02-23T12:06:43","guid":{"rendered":"http:\/\/www.caririemacao.com\/1\/?p=154784"},"modified":"2020-02-23T09:06:44","modified_gmt":"2020-02-23T12:06:44","slug":"pm-prende-pai-que-confessou-agredir-filho-apos-ameaca-a-irma","status":"publish","type":"post","link":"https:\/\/www.caririemacao.com\/1\/2020\/02\/23\/pm-prende-pai-que-confessou-agredir-filho-apos-ameaca-a-irma\/","title":{"rendered":"PM prende pai que confessou agredir filho ap\u00f3s amea\u00e7a a irm\u00e3"},"content":{"rendered":"\n<p>A Pol\u00edcia Militar em Bel\u00e9m prendeu pai e filho, na noite dessa sexta-feira (21). O pai confessou ter ferido o filho na cabe\u00e7a e disse que o agrediu porque o rapaz teria amea\u00e7ado e xingado a irm\u00e3.<\/p>\n\n\n\n<p>Os policiais do 4\u00ba Batalh\u00e3o (4\u00baBPM) foram acionados para a ocorr\u00eancia no S\u00edtio Retiro, zona rural de Bel\u00e9m, e constaram a confus\u00e3o de fam\u00edlia.<\/p>\n\n\n\n<p>Os dois foram encaminhados \u00e0 delegacia da regi\u00e3o.<\/p>\n","protected":false},"excerpt":{"rendered":"<p>A Pol\u00edcia Militar em Bel\u00e9m prendeu pai e filho, na noite dessa sexta-feira (21). O pai confessou ter ferido o filho na cabe\u00e7a e disse&hellip; <\/p>\n","protected":false},"author":2,"featured_media":150117,"comment_status":"closed","ping_status":"closed","sticky":false,"template":"","format":"standard","meta":{"sfsi_plus_gutenberg_text_before_share":"","sfsi_plus_gutenberg_show_text_before_share":"","sfsi_plus_gutenberg_icon_type":"","sfsi_plus_gutenberg_icon_alignemt":"","sfsi_plus_gutenburg_max_per_row":"","footnotes":""},"categories":[12],"tags":[],"class_list":["post-154784","post","type-post","status-publish","format-standard","has-post-thumbnail","hentry","category-policia"],"_links":{"self":[{"href":"https:\/\/www.caririemacao.com\/1\/wp-json\/wp\/v2\/posts\/154784","targetHints":{"allow":["GET"]}}],"collection":[{"href":"https:\/\/www.caririemacao.com\/1\/wp-json\/wp\/v2\/posts"}],"about":[{"href":"https:\/\/www.caririemacao.com\/1\/wp-json\/wp\/v2\/types\/post"}],"author":[{"embeddable":true,"href":"https:\/\/www.caririemacao.com\/1\/wp-json\/wp\/v2\/users\/2"}],"replies":[{"embeddable":true,"href":"https:\/\/www.caririemacao.com\/1\/wp-json\/wp\/v2\/comments?post=154784"}],"version-history":[{"count":1,"href":"https:\/\/www.caririemacao.com\/1\/wp-json\/wp\/v2\/posts\/154784\/revisions"}],"predecessor-version":[{"id":154785,"href":"https:\/\/www.caririemacao.com\/1\/wp-json\/wp\/v2\/posts\/154784\/revisions\/154785"}],"wp:featuredmedia":[{"embeddable":true,"href":"https:\/\/www.caririemacao.com\/1\/wp-json\/wp\/v2\/media\/150117"}],"wp:attachment":[{"href":"https:\/\/www.caririemacao.com\/1\/wp-json\/wp\/v2\/media?parent=154784"}],"wp:term":[{"taxonomy":"category","embeddable":true,"href":"https:\/\/www.caririemacao.com\/1\/wp-json\/wp\/v2\/categories?post=154784"},{"taxonomy":"post_tag","embeddable":true,"href":"https:\/\/www.caririemacao.com\/1\/wp-json\/wp\/v2\/tags?post=154784"}],"curies":[{"name":"wp","href":"https:\/\/api.w.org\/{rel}","templated":true}]}}