{"id":154791,"date":"2020-02-23T09:09:39","date_gmt":"2020-02-23T12:09:39","guid":{"rendered":"http:\/\/www.caririemacao.com\/1\/?p=154791"},"modified":"2020-02-23T09:09:42","modified_gmt":"2020-02-23T12:09:42","slug":"trabalho-infantil-aumenta-38-durante-o-carnaval-saiba-como-denunciar","status":"publish","type":"post","link":"https:\/\/www.caririemacao.com\/1\/2020\/02\/23\/trabalho-infantil-aumenta-38-durante-o-carnaval-saiba-como-denunciar\/","title":{"rendered":"Trabalho infantil aumenta 38% durante o carnaval; saiba como denunciar"},"content":{"rendered":"\n<p>Em m\u00e9dia, a cada ano, as notifica\u00e7\u00f5es de casos de trabalho infantil aumentam 38% durante os meses de carnaval, em todo o pa\u00eds, de acordo com o Minist\u00e9rio P\u00fablico do Trabalho (MPT). Na Para\u00edba, esse tipo de crime cresceu 48,8% no per\u00edodo da data festiva, saltando de 129 ocorr\u00eancias denunciadas em 2018 para 192 em 2019.<\/p>\n\n\n\n<p>Durante o carnaval, muitas crian\u00e7as e adolescentes s\u00e3o vistos nas ruas assumindo fun\u00e7\u00f5es como a de vendedor ambulante, catador de latinhas e guardador de carros. Por\u00e9m, conforme alerta o MPT, ao exercer atividades laborais, t\u00eam seus direitos violados e acabam ficando mais vulner\u00e1veis \u00e0 explora\u00e7\u00e3o sexual e ao aliciamento de traficantes de drogas.<\/p>\n\n\n\n<p>No Brasil, o trabalho \u00e9 proibido para pessoas com idade inferior a 16 anos. A exce\u00e7\u00e3o ocorre quando assegurada a condi\u00e7\u00e3o de aprendiz, prevista para adolescentes a partir dos 14 anos de idade. A legisla\u00e7\u00e3o vigente estabelece que jovens com idade entre 16 e 18 anos podem trabalhar somente se n\u00e3o ficarem expostos a trabalho noturno, perigoso, insalubre ou \u00e0quele que traga algum preju\u00edzo \u00e0 sua forma\u00e7\u00e3o moral e ps\u00edquica.<\/p>\n\n\n\n<p>Para refor\u00e7ar a import\u00e2ncia de se preservar os direitos de crian\u00e7as e adolescentes, o MPT conclama os foli\u00f5es por meio de uma campanha que est\u00e1 sendo difundida em locais de concentra\u00e7\u00e3o dos blocos. O conte\u00fado tamb\u00e9m pode ser encontrado nas redes sociais, por meio das hashtags #CarnavalSemTrabalhoInfantil e #CarnavalSemExplora\u00e7\u00e3oInfantil.<\/p>\n\n\n\n<p>O \u00f3rg\u00e3o mant\u00e9m, ainda, uma campanha nacional, de car\u00e1ter permanente e identificada nas redes sociais com a hashtag #ChegaDeTrabalhoInfantil. Esta mobiliza\u00e7\u00e3o conta com o apoio de personalidades como Daniela Mercury, Elba Ramalho e Wesley Safad\u00e3o.<\/p>\n\n\n\n<figure class=\"wp-block-image\"><a href=\"https:\/\/twitter.com\/danielamercury\"><img decoding=\"async\" data-src=\"https:\/\/pbs.twimg.com\/profile_images\/1215472596441059330\/-rbOPmsP_bigger.jpg\" alt=\"\" src=\"data:image\/svg+xml;base64,PHN2ZyB3aWR0aD0iMSIgaGVpZ2h0PSIxIiB4bWxucz0iaHR0cDovL3d3dy53My5vcmcvMjAwMC9zdmciPjwvc3ZnPg==\" class=\"lazyload\" \/><\/a><\/figure>\n\n\n\n<p><a href=\"https:\/\/twitter.com\/danielamercury\"><strong>Daniela Mercury<\/strong><strong>&#x2714;<\/strong>@danielamercury<\/a><a href=\"https:\/\/twitter.com\/danielamercury\/status\/966520298546790401\"><\/a><\/p>\n\n\n\n<p>As crian\u00e7as precisam de nossa prote\u00e7\u00e3o. <a href=\"https:\/\/twitter.com\/hashtag\/chegadetrabalhoinfantil?src=hash\">#chegadetrabalhoinfantil<\/a><\/p>\n\n\n\n<figure class=\"wp-block-image\"><a href=\"https:\/\/twitter.com\/danielamercury\/status\/966520298546790401\/photo\/1\"><img decoding=\"async\" src=\"https:\/\/pbs.twimg.com\/media\/DWnFFV3WkAAqzBD?format=jpg&amp;name=small\" alt=\"View image on Twitter\"\/><\/a><\/figure>\n\n\n\n<p><a href=\"https:\/\/twitter.com\/intent\/like?tweet_id=966520298546790401\">159<\/a><a href=\"https:\/\/twitter.com\/danielamercury\/status\/966520298546790401\">12:49 AM &#8211; Feb 22, 2018<\/a>&nbsp;\u00b7&nbsp;<a href=\"https:\/\/twitter.com\/search?q=place%3Ae60cc1f72c303272\">Salvador, Brazil<\/a><a href=\"https:\/\/support.twitter.com\/articles\/20175256\">Twitter Ads info and privacy<\/a><a href=\"https:\/\/twitter.com\/danielamercury\/status\/966520298546790401\">40 people are talking about this<\/a><\/p>\n\n\n\n<p>Qualquer pessoa pode formalizar den\u00fancias de trabalho infantil, atrav\u00e9s do Disque 100, do Minist\u00e9rio da Mulher, da Fam\u00edlia e dos Direitos Humanos, e do aplicativo MPT Pardal, dispon\u00edvel para os sistemas Android e iOS. As den\u00fancias tamb\u00e9m podem ser registradas em formul\u00e1rio online, no\u00a0<a rel=\"noreferrer noopener\" href=\"https:\/\/mpt.mp.br\/pgt\/servicos\/servico-denuncie\" target=\"_blank\"><em>site<\/em><\/a>\u00a0do MPT.<\/p>\n\n\n\n<p><\/p>\n\n\n\n<p>EBC<\/p>\n","protected":false},"excerpt":{"rendered":"<p>Em m\u00e9dia, a cada ano, as notifica\u00e7\u00f5es de casos de trabalho infantil aumentam 38% durante os meses de carnaval, em todo o pa\u00eds, de acordo&hellip; <\/p>\n","protected":false},"author":2,"featured_media":154792,"comment_status":"closed","ping_status":"closed","sticky":false,"template":"","format":"standard","meta":{"sfsi_plus_gutenberg_text_before_share":"","sfsi_plus_gutenberg_show_text_before_share":"","sfsi_plus_gutenberg_icon_type":"","sfsi_plus_gutenberg_icon_alignemt":"","sfsi_plus_gutenburg_max_per_row":"","footnotes":""},"categories":[2],"tags":[],"class_list":["post-154791","post","type-post","status-publish","format-standard","has-post-thumbnail","hentry","category-geral"],"_links":{"self":[{"href":"https:\/\/www.caririemacao.com\/1\/wp-json\/wp\/v2\/posts\/154791","targetHints":{"allow":["GET"]}}],"collection":[{"href":"https:\/\/www.caririemacao.com\/1\/wp-json\/wp\/v2\/posts"}],"about":[{"href":"https:\/\/www.caririemacao.com\/1\/wp-json\/wp\/v2\/types\/post"}],"author":[{"embeddable":true,"href":"https:\/\/www.caririemacao.com\/1\/wp-json\/wp\/v2\/users\/2"}],"replies":[{"embeddable":true,"href":"https:\/\/www.caririemacao.com\/1\/wp-json\/wp\/v2\/comments?post=154791"}],"version-history":[{"count":1,"href":"https:\/\/www.caririemacao.com\/1\/wp-json\/wp\/v2\/posts\/154791\/revisions"}],"predecessor-version":[{"id":154793,"href":"https:\/\/www.caririemacao.com\/1\/wp-json\/wp\/v2\/posts\/154791\/revisions\/154793"}],"wp:featuredmedia":[{"embeddable":true,"href":"https:\/\/www.caririemacao.com\/1\/wp-json\/wp\/v2\/media\/154792"}],"wp:attachment":[{"href":"https:\/\/www.caririemacao.com\/1\/wp-json\/wp\/v2\/media?parent=154791"}],"wp:term":[{"taxonomy":"category","embeddable":true,"href":"https:\/\/www.caririemacao.com\/1\/wp-json\/wp\/v2\/categories?post=154791"},{"taxonomy":"post_tag","embeddable":true,"href":"https:\/\/www.caririemacao.com\/1\/wp-json\/wp\/v2\/tags?post=154791"}],"curies":[{"name":"wp","href":"https:\/\/api.w.org\/{rel}","templated":true}]}}