{"id":154796,"date":"2020-02-23T10:36:56","date_gmt":"2020-02-23T13:36:56","guid":{"rendered":"http:\/\/www.caririemacao.com\/1\/?p=154796"},"modified":"2020-02-23T10:36:59","modified_gmt":"2020-02-23T13:36:59","slug":"ator-paraibano-de-sume-itame-junior-fara-participacao-em-novela-da-globo","status":"publish","type":"post","link":"https:\/\/www.caririemacao.com\/1\/2020\/02\/23\/ator-paraibano-de-sume-itame-junior-fara-participacao-em-novela-da-globo\/","title":{"rendered":"Ator paraibano de Sum\u00e9, Itam\u00ea Junior, far\u00e1 participa\u00e7\u00e3o em novela da Globo"},"content":{"rendered":"\n<p>O ator paraibano Itam\u00ea Jr, natural de Sum\u00e9, far\u00e1 uma participa\u00e7\u00e3o na novela das 19h \u2018salve-se quem puder\u2019 que \u00e9 transmitida pela Rede Globo.<\/p>\n\n\n\n<p>Ele viver\u00e1 o personagem \u2018Paulo\u2019 e j\u00e1 gravou algumas cenas que devem ir ao ar nas pr\u00f3ximas semanas. Itam\u00ea grava com atores renomados como Beth Faria e Ary Fontoura.<\/p>\n\n\n\n<p>Atualmente o ator mora no Rio de Janeiro, mas por alguns anos residiu na capital paraibana, Itam\u00ea tamb\u00e9m \u00e9 garoto propaganda da marca Akarb aqui na Para\u00edba.<\/p>\n\n\n\n<p><em>Com informa\u00e7\u00f5es de Portal Pop Jampa<\/em><\/p>\n","protected":false},"excerpt":{"rendered":"<p>O ator paraibano Itam\u00ea Jr, natural de Sum\u00e9, far\u00e1 uma participa\u00e7\u00e3o na novela das 19h \u2018salve-se quem puder\u2019 que \u00e9 transmitida pela Rede Globo. Ele&hellip; <\/p>\n","protected":false},"author":2,"featured_media":154797,"comment_status":"closed","ping_status":"closed","sticky":false,"template":"","format":"standard","meta":{"sfsi_plus_gutenberg_text_before_share":"","sfsi_plus_gutenberg_show_text_before_share":"","sfsi_plus_gutenberg_icon_type":"","sfsi_plus_gutenberg_icon_alignemt":"","sfsi_plus_gutenburg_max_per_row":"","footnotes":""},"categories":[50,2],"tags":[],"class_list":["post-154796","post","type-post","status-publish","format-standard","has-post-thumbnail","hentry","category-destaque","category-geral"],"_links":{"self":[{"href":"https:\/\/www.caririemacao.com\/1\/wp-json\/wp\/v2\/posts\/154796","targetHints":{"allow":["GET"]}}],"collection":[{"href":"https:\/\/www.caririemacao.com\/1\/wp-json\/wp\/v2\/posts"}],"about":[{"href":"https:\/\/www.caririemacao.com\/1\/wp-json\/wp\/v2\/types\/post"}],"author":[{"embeddable":true,"href":"https:\/\/www.caririemacao.com\/1\/wp-json\/wp\/v2\/users\/2"}],"replies":[{"embeddable":true,"href":"https:\/\/www.caririemacao.com\/1\/wp-json\/wp\/v2\/comments?post=154796"}],"version-history":[{"count":1,"href":"https:\/\/www.caririemacao.com\/1\/wp-json\/wp\/v2\/posts\/154796\/revisions"}],"predecessor-version":[{"id":154798,"href":"https:\/\/www.caririemacao.com\/1\/wp-json\/wp\/v2\/posts\/154796\/revisions\/154798"}],"wp:featuredmedia":[{"embeddable":true,"href":"https:\/\/www.caririemacao.com\/1\/wp-json\/wp\/v2\/media\/154797"}],"wp:attachment":[{"href":"https:\/\/www.caririemacao.com\/1\/wp-json\/wp\/v2\/media?parent=154796"}],"wp:term":[{"taxonomy":"category","embeddable":true,"href":"https:\/\/www.caririemacao.com\/1\/wp-json\/wp\/v2\/categories?post=154796"},{"taxonomy":"post_tag","embeddable":true,"href":"https:\/\/www.caririemacao.com\/1\/wp-json\/wp\/v2\/tags?post=154796"}],"curies":[{"name":"wp","href":"https:\/\/api.w.org\/{rel}","templated":true}]}}