{"id":154801,"date":"2020-02-23T10:42:23","date_gmt":"2020-02-23T13:42:23","guid":{"rendered":"http:\/\/www.caririemacao.com\/1\/?p=154801"},"modified":"2020-02-23T10:42:26","modified_gmt":"2020-02-23T13:42:26","slug":"fatalidade-jovem-morre-apos-cair-de-motocicleta-em-estrada-no-municipio-de-sume","status":"publish","type":"post","link":"https:\/\/www.caririemacao.com\/1\/2020\/02\/23\/fatalidade-jovem-morre-apos-cair-de-motocicleta-em-estrada-no-municipio-de-sume\/","title":{"rendered":"FATALIDADE: Jovem morre ap\u00f3s cair de motocicleta em estrada no munic\u00edpio de Sum\u00e9"},"content":{"rendered":"\n<p>Um acidente ocorrido na noite da \u00faltima sexta-feira (22) deixou mais uma v\u00edtima fatal na regi\u00e3o do Cariri da Para\u00edba.<\/p>\n\n\n\n<p>Conforme informa\u00e7\u00f5es colhidas pelo portal De Olho no Cariri, o jovem sumeense William Leonardo, de 27 anos de idade, veio a \u00f3bito neste s\u00e1bado(22) no hospital de Emerg\u00eancia e Trauma de Campina grande,&nbsp; ap\u00f3s cair de sua motocicleta na estrada que liga as comunidades do Pio X e Balan\u00e7o, zona rural de Sum\u00e9.<\/p>\n\n\n\n<p>Ainda n\u00e3o se sabem os reais motivos do acidente. A Policia Militar esteve no local e rapidamente William Leonardo foi socorrido pela Samu para Campina Grande.<\/p>\n\n\n\n<p>O jovem sumeense infelizmente n\u00e3o resistiu aos ferimentos e na noite deste s\u00e1bado veio a \u00f3bito na unidade m\u00e9dica.<\/p>\n\n\n\n<p><strong>De Olho no Cariri<\/strong><\/p>\n","protected":false},"excerpt":{"rendered":"<p>Um acidente ocorrido na noite da \u00faltima sexta-feira (22) deixou mais uma v\u00edtima fatal na regi\u00e3o do Cariri da Para\u00edba. Conforme informa\u00e7\u00f5es colhidas pelo portal&hellip; <\/p>\n","protected":false},"author":2,"featured_media":154802,"comment_status":"closed","ping_status":"closed","sticky":false,"template":"","format":"standard","meta":{"sfsi_plus_gutenberg_text_before_share":"","sfsi_plus_gutenberg_show_text_before_share":"","sfsi_plus_gutenberg_icon_type":"","sfsi_plus_gutenberg_icon_alignemt":"","sfsi_plus_gutenburg_max_per_row":"","footnotes":""},"categories":[12],"tags":[],"class_list":["post-154801","post","type-post","status-publish","format-standard","has-post-thumbnail","hentry","category-policia"],"_links":{"self":[{"href":"https:\/\/www.caririemacao.com\/1\/wp-json\/wp\/v2\/posts\/154801","targetHints":{"allow":["GET"]}}],"collection":[{"href":"https:\/\/www.caririemacao.com\/1\/wp-json\/wp\/v2\/posts"}],"about":[{"href":"https:\/\/www.caririemacao.com\/1\/wp-json\/wp\/v2\/types\/post"}],"author":[{"embeddable":true,"href":"https:\/\/www.caririemacao.com\/1\/wp-json\/wp\/v2\/users\/2"}],"replies":[{"embeddable":true,"href":"https:\/\/www.caririemacao.com\/1\/wp-json\/wp\/v2\/comments?post=154801"}],"version-history":[{"count":1,"href":"https:\/\/www.caririemacao.com\/1\/wp-json\/wp\/v2\/posts\/154801\/revisions"}],"predecessor-version":[{"id":154803,"href":"https:\/\/www.caririemacao.com\/1\/wp-json\/wp\/v2\/posts\/154801\/revisions\/154803"}],"wp:featuredmedia":[{"embeddable":true,"href":"https:\/\/www.caririemacao.com\/1\/wp-json\/wp\/v2\/media\/154802"}],"wp:attachment":[{"href":"https:\/\/www.caririemacao.com\/1\/wp-json\/wp\/v2\/media?parent=154801"}],"wp:term":[{"taxonomy":"category","embeddable":true,"href":"https:\/\/www.caririemacao.com\/1\/wp-json\/wp\/v2\/categories?post=154801"},{"taxonomy":"post_tag","embeddable":true,"href":"https:\/\/www.caririemacao.com\/1\/wp-json\/wp\/v2\/tags?post=154801"}],"curies":[{"name":"wp","href":"https:\/\/api.w.org\/{rel}","templated":true}]}}