{"id":154804,"date":"2020-02-23T10:44:02","date_gmt":"2020-02-23T13:44:02","guid":{"rendered":"http:\/\/www.caririemacao.com\/1\/?p=154804"},"modified":"2020-02-23T10:44:04","modified_gmt":"2020-02-23T13:44:04","slug":"veja-programacao-do-carnaval-na-regiao-do-cariri-neste-domingo-23","status":"publish","type":"post","link":"https:\/\/www.caririemacao.com\/1\/2020\/02\/23\/veja-programacao-do-carnaval-na-regiao-do-cariri-neste-domingo-23\/","title":{"rendered":"Veja programa\u00e7\u00e3o do Carnaval na regi\u00e3o do Cariri neste domingo (23)"},"content":{"rendered":"\n<figure class=\"wp-block-image\"><img decoding=\"async\" data-src=\"http:\/\/www.blogdobrunolira.com.br\/wp-content\/uploads\/2020\/02\/images-8-640x414.jpeg\" alt=\"\" src=\"data:image\/svg+xml;base64,PHN2ZyB3aWR0aD0iMSIgaGVpZ2h0PSIxIiB4bWxucz0iaHR0cDovL3d3dy53My5vcmcvMjAwMC9zdmciPjwvc3ZnPg==\" class=\"lazyload\" style=\"--smush-placeholder-width: 640px; --smush-placeholder-aspect-ratio: 640\/414;\" \/><\/figure>\n\n\n\n<p>V\u00e1rias cidades do Cariri paraibano est\u00e3o promovendo os festejos de Carnaval. O\u00a0<strong>Blog <\/strong>listou a programa\u00e7\u00e3o dos principais eventos da regi\u00e3o:<\/p>\n\n\n\n<p><strong>Carnaval no Rancho da Ema em Cabaceiras<\/strong><\/p>\n\n\n\n<p>A partir das 14h<\/p>\n\n\n\n<p>Bob L\u00e9o<\/p>\n\n\n\n<p>Buz\u00e3o da Farra<\/p>\n\n\n\n<p><strong>Carnaval de Barra de S\u00e3o Miguel<\/strong><\/p>\n\n\n\n<p>Banho de chuveiro<\/p>\n\n\n\n<p>Orquestra de frevo de Barra de S\u00e3o Miguel<\/p>\n\n\n\n<p>Jean Ara\u00fajo<\/p>\n\n\n\n<p>Buz\u00e3o da Farra<\/p>\n\n\n\n<p><strong>Carnaval em Cara\u00fabas<\/strong><\/p>\n\n\n\n<p>Cezinha<\/p>\n\n\n\n<p>Feiti\u00e7o de Menina<\/p>\n\n\n\n<p>Gil Camargo<\/p>\n\n\n\n<h2 class=\"wp-block-heading\">Carnaval em Camala\u00fa<\/h2>\n\n\n\n<p>Local: Balne\u00e1rio P\u00fablico e Pra\u00e7a de Eventos<\/p>\n\n\n\n<p>Atra\u00e7\u00f5es: Rafa Top, DJ Marc\u00edlio, Novo Som Mix, Dorgivan Brito<\/p>\n\n\n\n<h2 class=\"wp-block-heading\">Carnaval em Tapero\u00e1<\/h2>\n\n\n\n<p>Local: Pra\u00e7a de Eventos Jo\u00e3o Suassuna<\/p>\n\n\n\n<p>Atra\u00e7\u00f5es: Triblala, Stella Alves e Orquestra de Frevo Hon\u00f3rio Capiba<\/p>\n\n\n\n<p>Boqueir\u00e3o Folia<\/p>\n\n\n\n<p>Buz\u00e3o da Farra<\/p>\n\n\n\n<p>Thiaguinho<\/p>\n\n\n\n<p><strong>Carnaval em Caturit\u00e9<\/strong><\/p>\n\n\n\n<p><em>A partir das 17h<\/em><\/p>\n\n\n\n<p>Cana Baiana<\/p>\n\n\n\n<p>Filipe Pistan<\/p>\n\n\n\n<p><br>Pimenta com Mel<\/p>\n\n\n\n<p><strong>Blog do Bruno Lira<\/strong><\/p>\n","protected":false},"excerpt":{"rendered":"<p>V\u00e1rias cidades do Cariri paraibano est\u00e3o promovendo os festejos de Carnaval. O\u00a0Blog listou a programa\u00e7\u00e3o dos principais eventos da regi\u00e3o: Carnaval no Rancho da Ema&hellip; <\/p>\n","protected":false},"author":2,"featured_media":154805,"comment_status":"closed","ping_status":"closed","sticky":false,"template":"","format":"standard","meta":{"sfsi_plus_gutenberg_text_before_share":"","sfsi_plus_gutenberg_show_text_before_share":"","sfsi_plus_gutenberg_icon_type":"","sfsi_plus_gutenberg_icon_alignemt":"","sfsi_plus_gutenburg_max_per_row":"","footnotes":""},"categories":[6],"tags":[],"class_list":["post-154804","post","type-post","status-publish","format-standard","has-post-thumbnail","hentry","category-cidades"],"_links":{"self":[{"href":"https:\/\/www.caririemacao.com\/1\/wp-json\/wp\/v2\/posts\/154804","targetHints":{"allow":["GET"]}}],"collection":[{"href":"https:\/\/www.caririemacao.com\/1\/wp-json\/wp\/v2\/posts"}],"about":[{"href":"https:\/\/www.caririemacao.com\/1\/wp-json\/wp\/v2\/types\/post"}],"author":[{"embeddable":true,"href":"https:\/\/www.caririemacao.com\/1\/wp-json\/wp\/v2\/users\/2"}],"replies":[{"embeddable":true,"href":"https:\/\/www.caririemacao.com\/1\/wp-json\/wp\/v2\/comments?post=154804"}],"version-history":[{"count":1,"href":"https:\/\/www.caririemacao.com\/1\/wp-json\/wp\/v2\/posts\/154804\/revisions"}],"predecessor-version":[{"id":154806,"href":"https:\/\/www.caririemacao.com\/1\/wp-json\/wp\/v2\/posts\/154804\/revisions\/154806"}],"wp:featuredmedia":[{"embeddable":true,"href":"https:\/\/www.caririemacao.com\/1\/wp-json\/wp\/v2\/media\/154805"}],"wp:attachment":[{"href":"https:\/\/www.caririemacao.com\/1\/wp-json\/wp\/v2\/media?parent=154804"}],"wp:term":[{"taxonomy":"category","embeddable":true,"href":"https:\/\/www.caririemacao.com\/1\/wp-json\/wp\/v2\/categories?post=154804"},{"taxonomy":"post_tag","embeddable":true,"href":"https:\/\/www.caririemacao.com\/1\/wp-json\/wp\/v2\/tags?post=154804"}],"curies":[{"name":"wp","href":"https:\/\/api.w.org\/{rel}","templated":true}]}}