{"id":154809,"date":"2020-02-23T11:04:41","date_gmt":"2020-02-23T14:04:41","guid":{"rendered":"http:\/\/www.caririemacao.com\/1\/?p=154809"},"modified":"2020-02-23T11:42:03","modified_gmt":"2020-02-23T14:42:03","slug":"bedeu-quirino-e-gil-camargo-abrem-o-carnaval-de-caraubas-2020","status":"publish","type":"post","link":"https:\/\/www.caririemacao.com\/1\/2020\/02\/23\/bedeu-quirino-e-gil-camargo-abrem-o-carnaval-de-caraubas-2020\/","title":{"rendered":"Bedeu Quirino e Gil Camargo abrem o Carnaval de Cara\u00fabas 2020"},"content":{"rendered":"\n<p>A programa\u00e7\u00e3o do Carnaval da cidade de Cara\u00fabas teve in\u00edcio na noite deste s\u00e1bado, dia 22, e contou com os shows de Bedeu Quirino e Gil Camargo. <\/p>\n\n\n\n<figure class=\"wp-block-image size-large\"><img fetchpriority=\"high\" decoding=\"async\" width=\"1024\" height=\"683\" src=\"http:\/\/www.caririemacao.com\/1\/wp-content\/uploads\/2020\/02\/DSC_6397-1024x683.jpg\" alt=\"\" class=\"wp-image-154811\" srcset=\"https:\/\/www.caririemacao.com\/1\/wp-content\/uploads\/2020\/02\/DSC_6397-1024x683.jpg 1024w, https:\/\/www.caririemacao.com\/1\/wp-content\/uploads\/2020\/02\/DSC_6397-300x200.jpg 300w, https:\/\/www.caririemacao.com\/1\/wp-content\/uploads\/2020\/02\/DSC_6397-768x512.jpg 768w, https:\/\/www.caririemacao.com\/1\/wp-content\/uploads\/2020\/02\/DSC_6397-1536x1024.jpg 1536w, https:\/\/www.caririemacao.com\/1\/wp-content\/uploads\/2020\/02\/DSC_6397.jpg 1600w\" sizes=\"(max-width: 1024px) 100vw, 1024px\" \/><\/figure>\n\n\n\n<p>O primeiro a subir ao palco foi Bedeu Quirino e na sequ\u00eancia o cantor Gil Camargo. Eles levaram um grande p\u00fablico em pra\u00e7a p\u00fablica. <\/p>\n\n\n\n<figure class=\"wp-block-image size-large\"><img decoding=\"async\" width=\"1024\" height=\"683\" data-src=\"http:\/\/www.caririemacao.com\/1\/wp-content\/uploads\/2020\/02\/DSC_6464-1024x683.jpg\" alt=\"\" class=\"wp-image-154812 lazyload\" data-srcset=\"https:\/\/www.caririemacao.com\/1\/wp-content\/uploads\/2020\/02\/DSC_6464-1024x683.jpg 1024w, https:\/\/www.caririemacao.com\/1\/wp-content\/uploads\/2020\/02\/DSC_6464-300x200.jpg 300w, https:\/\/www.caririemacao.com\/1\/wp-content\/uploads\/2020\/02\/DSC_6464-768x512.jpg 768w, https:\/\/www.caririemacao.com\/1\/wp-content\/uploads\/2020\/02\/DSC_6464-1536x1024.jpg 1536w, https:\/\/www.caririemacao.com\/1\/wp-content\/uploads\/2020\/02\/DSC_6464.jpg 1600w\" data-sizes=\"(max-width: 1024px) 100vw, 1024px\" src=\"data:image\/svg+xml;base64,PHN2ZyB3aWR0aD0iMSIgaGVpZ2h0PSIxIiB4bWxucz0iaHR0cDovL3d3dy53My5vcmcvMjAwMC9zdmciPjwvc3ZnPg==\" style=\"--smush-placeholder-width: 1024px; --smush-placeholder-aspect-ratio: 1024\/683;\" \/><\/figure>\n\n\n\n<p>A abertura oficial contou com a presen\u00e7a do prefeito Silvano\nDudu, secret\u00e1rios e vereadores. Silvano Dudu agradeceu a presen\u00e7a dos foli\u00f5es e\nconvidou pra continuar prestigiando os demais dias de Carnaval. O prefeito\nainda enfatizou que este ano haver\u00e1, pela primeira vez, o Carnaval no Distrito\nde Barreiras.<\/p>\n\n\n\n<p>&#8220;Foi uma grande abertura. Fico feliz ao ver as fam\u00edlias participando de nosso Evento. Isso \u00e9 uma demonstra\u00e7\u00e3o de que nossa programa\u00e7\u00e3o vem agradando toda a popula\u00e7\u00e3o. Agrade\u00e7o a popula\u00e7\u00e3o e as equipes t\u00e9cnicas envolvidas na organiza\u00e7\u00e3o. Obrigado pela presen\u00e7a das equipes de seguran\u00e7a privada e da Pol\u00edcia Militar da Para\u00edba&#8221;, agradeceu.<\/p>\n\n\n\n<p><a href=\"https:\/\/www.facebook.com\/pg\/CaririEmAcao\/photos\/?tab=album&amp;album_id=1817738945028787\">VEJA TODAS AS FOTOS. CLIQUE AQUI.<\/a><\/p>\n\n\n\n<p>Confira abaixo a programa\u00e7\u00e3o dos pr\u00f3ximos dias de Carnaval\nna cidade:<\/p>\n\n\n\n<p>23\/02-Cezinha, Feiti\u00e7o de Menina e Gil Camargo<\/p>\n\n\n\n<p>24\/02<\/p>\n\n\n\n<p><strong>Pra\u00e7a P\u00fablica<\/strong> &#8211; Alisson\nLevado e Gil Camargo<\/p>\n\n\n\n<p><strong>Distrito de Barreiras<\/strong><\/p>\n\n\n\n<ul class=\"wp-block-list\"><li>Gil Camargo<\/li><li>Orquestra de Frevo <\/li><\/ul>\n\n\n\n<p>25\/02 \u2013 Bira El\u00e9trico e Gil Camargo<\/p>\n","protected":false},"excerpt":{"rendered":"<p>A programa\u00e7\u00e3o do Carnaval da cidade de Cara\u00fabas teve in\u00edcio na noite deste s\u00e1bado, dia 22, e contou com os shows de Bedeu Quirino e&hellip; <\/p>\n","protected":false},"author":1,"featured_media":154810,"comment_status":"closed","ping_status":"closed","sticky":false,"template":"","format":"standard","meta":{"sfsi_plus_gutenberg_text_before_share":"","sfsi_plus_gutenberg_show_text_before_share":"","sfsi_plus_gutenberg_icon_type":"","sfsi_plus_gutenberg_icon_alignemt":"","sfsi_plus_gutenburg_max_per_row":"","footnotes":""},"categories":[6,50],"tags":[],"class_list":["post-154809","post","type-post","status-publish","format-standard","has-post-thumbnail","hentry","category-cidades","category-destaque"],"_links":{"self":[{"href":"https:\/\/www.caririemacao.com\/1\/wp-json\/wp\/v2\/posts\/154809","targetHints":{"allow":["GET"]}}],"collection":[{"href":"https:\/\/www.caririemacao.com\/1\/wp-json\/wp\/v2\/posts"}],"about":[{"href":"https:\/\/www.caririemacao.com\/1\/wp-json\/wp\/v2\/types\/post"}],"author":[{"embeddable":true,"href":"https:\/\/www.caririemacao.com\/1\/wp-json\/wp\/v2\/users\/1"}],"replies":[{"embeddable":true,"href":"https:\/\/www.caririemacao.com\/1\/wp-json\/wp\/v2\/comments?post=154809"}],"version-history":[{"count":2,"href":"https:\/\/www.caririemacao.com\/1\/wp-json\/wp\/v2\/posts\/154809\/revisions"}],"predecessor-version":[{"id":154814,"href":"https:\/\/www.caririemacao.com\/1\/wp-json\/wp\/v2\/posts\/154809\/revisions\/154814"}],"wp:featuredmedia":[{"embeddable":true,"href":"https:\/\/www.caririemacao.com\/1\/wp-json\/wp\/v2\/media\/154810"}],"wp:attachment":[{"href":"https:\/\/www.caririemacao.com\/1\/wp-json\/wp\/v2\/media?parent=154809"}],"wp:term":[{"taxonomy":"category","embeddable":true,"href":"https:\/\/www.caririemacao.com\/1\/wp-json\/wp\/v2\/categories?post=154809"},{"taxonomy":"post_tag","embeddable":true,"href":"https:\/\/www.caririemacao.com\/1\/wp-json\/wp\/v2\/tags?post=154809"}],"curies":[{"name":"wp","href":"https:\/\/api.w.org\/{rel}","templated":true}]}}