{"id":154815,"date":"2020-02-23T11:59:56","date_gmt":"2020-02-23T14:59:56","guid":{"rendered":"http:\/\/www.caririemacao.com\/1\/?p=154815"},"modified":"2020-02-23T11:59:59","modified_gmt":"2020-02-23T14:59:59","slug":"carnaval-de-camalau-foi-aberto-oficialmente-neste-sabado","status":"publish","type":"post","link":"https:\/\/www.caririemacao.com\/1\/2020\/02\/23\/carnaval-de-camalau-foi-aberto-oficialmente-neste-sabado\/","title":{"rendered":"Carnaval de Camala\u00fa foi aberto oficialmente neste s\u00e1bado"},"content":{"rendered":"\n<p>O Carnaval Solid\u00e1rio de Camala\u00fa teve in\u00edcio nesta sexta-feira, dia 21 e aberto oficialmente na noite deste s\u00e1bado, dia 22. A programa\u00e7\u00e3o se estende at\u00e9 a pr\u00f3xima quarta-feira, dia 26.<\/p>\n\n\n\n<figure class=\"wp-block-image size-large\"><img fetchpriority=\"high\" decoding=\"async\" width=\"1024\" height=\"683\" src=\"http:\/\/www.caririemacao.com\/1\/wp-content\/uploads\/2020\/02\/DSC_6510-1024x683.jpg\" alt=\"\" class=\"wp-image-154816\" srcset=\"https:\/\/www.caririemacao.com\/1\/wp-content\/uploads\/2020\/02\/DSC_6510-1024x683.jpg 1024w, https:\/\/www.caririemacao.com\/1\/wp-content\/uploads\/2020\/02\/DSC_6510-300x200.jpg 300w, https:\/\/www.caririemacao.com\/1\/wp-content\/uploads\/2020\/02\/DSC_6510-768x512.jpg 768w, https:\/\/www.caririemacao.com\/1\/wp-content\/uploads\/2020\/02\/DSC_6510-1536x1024.jpg 1536w, https:\/\/www.caririemacao.com\/1\/wp-content\/uploads\/2020\/02\/DSC_6510.jpg 1600w\" sizes=\"(max-width: 1024px) 100vw, 1024px\" \/><\/figure>\n\n\n\n<p>A abertura oficial ocorreu na Pra\u00e7a de Eventos e teve os shows com Bira e Divertere e na sequ\u00eancia Rom\u00e1rio Pared\u00e3o.<\/p>\n\n\n\n<figure class=\"wp-block-image size-large\"><img decoding=\"async\" width=\"1024\" height=\"683\" data-src=\"http:\/\/www.caririemacao.com\/1\/wp-content\/uploads\/2020\/02\/DSC_6506-1024x683.jpg\" alt=\"\" class=\"wp-image-154818 lazyload\" data-srcset=\"https:\/\/www.caririemacao.com\/1\/wp-content\/uploads\/2020\/02\/DSC_6506-1024x683.jpg 1024w, https:\/\/www.caririemacao.com\/1\/wp-content\/uploads\/2020\/02\/DSC_6506-300x200.jpg 300w, https:\/\/www.caririemacao.com\/1\/wp-content\/uploads\/2020\/02\/DSC_6506-768x512.jpg 768w, https:\/\/www.caririemacao.com\/1\/wp-content\/uploads\/2020\/02\/DSC_6506-1536x1024.jpg 1536w, https:\/\/www.caririemacao.com\/1\/wp-content\/uploads\/2020\/02\/DSC_6506.jpg 1600w\" data-sizes=\"(max-width: 1024px) 100vw, 1024px\" src=\"data:image\/svg+xml;base64,PHN2ZyB3aWR0aD0iMSIgaGVpZ2h0PSIxIiB4bWxucz0iaHR0cDovL3d3dy53My5vcmcvMjAwMC9zdmciPjwvc3ZnPg==\" style=\"--smush-placeholder-width: 1024px; --smush-placeholder-aspect-ratio: 1024\/683;\" \/><\/figure>\n\n\n\n<p>O prefeito Sandro M\u00f4co esteve presente ao evento, abra\u00e7ando os amigos e convidando-os para participar dos demais dias de evento.<\/p>\n\n\n\n<figure class=\"wp-block-image size-large\"><img decoding=\"async\" width=\"1024\" height=\"683\" data-src=\"http:\/\/www.caririemacao.com\/1\/wp-content\/uploads\/2020\/02\/DSC_6500-1024x683.jpg\" alt=\"\" class=\"wp-image-154819 lazyload\" data-srcset=\"https:\/\/www.caririemacao.com\/1\/wp-content\/uploads\/2020\/02\/DSC_6500-1024x683.jpg 1024w, https:\/\/www.caririemacao.com\/1\/wp-content\/uploads\/2020\/02\/DSC_6500-300x200.jpg 300w, https:\/\/www.caririemacao.com\/1\/wp-content\/uploads\/2020\/02\/DSC_6500-768x512.jpg 768w, https:\/\/www.caririemacao.com\/1\/wp-content\/uploads\/2020\/02\/DSC_6500-1536x1024.jpg 1536w, https:\/\/www.caririemacao.com\/1\/wp-content\/uploads\/2020\/02\/DSC_6500.jpg 1600w\" data-sizes=\"(max-width: 1024px) 100vw, 1024px\" src=\"data:image\/svg+xml;base64,PHN2ZyB3aWR0aD0iMSIgaGVpZ2h0PSIxIiB4bWxucz0iaHR0cDovL3d3dy53My5vcmcvMjAwMC9zdmciPjwvc3ZnPg==\" style=\"--smush-placeholder-width: 1024px; --smush-placeholder-aspect-ratio: 1024\/683;\" \/><\/figure>\n\n\n\n<p>Ele lembrou que neste domingo,\ndia 23, inicia a programa\u00e7\u00e3o no Balne\u00e1rio P\u00fablica a partir das 12:00 com Rafa\nTop, Dj. Marc\u00edlio e Novo Som Mix. E a noite, na Pra\u00e7a de Eventos, a partir das\n20:30 \u2013 Bloco das Virgens e show com Dorgivan de Brito.<\/p>\n\n\n\n<p>Na segunda-feira, dia 24,\nno Balne\u00e1rio P\u00fablico shows com Cezinha Atrevido e Bedeu Quirino. J\u00e1 no distrito\ndo Pindur\u00e3o \u00e0s 14h shows com Fubinha El\u00e9trico e Yure Tornado. E para encerra a\nsegunda-feira de carnaval, na Pra\u00e7a de eventos, \u00e0s 21h, os foli\u00f5es ir\u00e3o curtir\nClaudenir Fernandes.<\/p>\n\n\n\n<p>Na ter\u00e7a-feira, dia 25, no\nBalne\u00e1rio P\u00fablico, a partir das 12h, Alisson Levado, Dod\u00f4 Press\u00e3o e a Pisada de\nBar\u00e3o.<\/p>\n\n\n\n<p>Dando continuidade a\nter\u00e7a-feira de carnaval, j\u00e1 na Pra\u00e7a de Eventos, \u00e0s 20h, a apresenta\u00e7\u00e3o do\ntradicional Bloco da Saudade e encerrando com show de Patr\u00f5es El\u00e9trico.<\/p>\n\n\n\n<p><strong><a href=\"https:\/\/www.facebook.com\/pg\/CaririEmAcao\/photos\/?tab=album&amp;album_id=1817368361732512\">CLIQUE AQUI E VEJA TODAS AS FOTOS<\/a><\/strong><\/p>\n\n\n\n<figure class=\"wp-block-embed\"><div class=\"wp-block-embed__wrapper\">\n<div class=\"ose- ose-uid-8b8ceda276b87a0b085770e6a88b1ead ose-embedpress-responsive\" style=\"width:600px; height:550px; max-height:550px; max-width:100%; display:inline-block;\" data-embed-type=\"Facebook\"><iframe allowFullScreen=\"true\" class=\"embera-facebook-iframe-1bffc lazyload\" data-src=\"https:\/\/www.facebook.com\/plugins\/post.php?href=https%3A%2F%2Fwww.facebook.com%2Fpg%2FCaririEmAcao%2Fphotos%2F%3Ftab%3Dalbum%26%23038%3Balbum_id%3D1817368361732512&width=600&height=550&show_text=true\" width=\"600\" height=\"550\" style=\"border:none;overflow:hidden\" scrolling=\"no\" frameborder=\"0\" allowTransparency=\"true\" src=\"data:image\/svg+xml;base64,PHN2ZyB3aWR0aD0iMSIgaGVpZ2h0PSIxIiB4bWxucz0iaHR0cDovL3d3dy53My5vcmcvMjAwMC9zdmciPjwvc3ZnPg==\" data-load-mode=\"1\"><\/iframe><\/div>\n<\/div><\/figure>\n","protected":false},"excerpt":{"rendered":"<p>O Carnaval Solid\u00e1rio de Camala\u00fa teve in\u00edcio nesta sexta-feira, dia 21 e aberto oficialmente na noite deste s\u00e1bado, dia 22. A programa\u00e7\u00e3o se estende at\u00e9&hellip; <\/p>\n","protected":false},"author":1,"featured_media":154817,"comment_status":"closed","ping_status":"closed","sticky":false,"template":"","format":"standard","meta":{"sfsi_plus_gutenberg_text_before_share":"","sfsi_plus_gutenberg_show_text_before_share":"","sfsi_plus_gutenberg_icon_type":"","sfsi_plus_gutenberg_icon_alignemt":"","sfsi_plus_gutenburg_max_per_row":"","footnotes":""},"categories":[6,50],"tags":[],"class_list":["post-154815","post","type-post","status-publish","format-standard","has-post-thumbnail","hentry","category-cidades","category-destaque"],"_links":{"self":[{"href":"https:\/\/www.caririemacao.com\/1\/wp-json\/wp\/v2\/posts\/154815","targetHints":{"allow":["GET"]}}],"collection":[{"href":"https:\/\/www.caririemacao.com\/1\/wp-json\/wp\/v2\/posts"}],"about":[{"href":"https:\/\/www.caririemacao.com\/1\/wp-json\/wp\/v2\/types\/post"}],"author":[{"embeddable":true,"href":"https:\/\/www.caririemacao.com\/1\/wp-json\/wp\/v2\/users\/1"}],"replies":[{"embeddable":true,"href":"https:\/\/www.caririemacao.com\/1\/wp-json\/wp\/v2\/comments?post=154815"}],"version-history":[{"count":1,"href":"https:\/\/www.caririemacao.com\/1\/wp-json\/wp\/v2\/posts\/154815\/revisions"}],"predecessor-version":[{"id":154820,"href":"https:\/\/www.caririemacao.com\/1\/wp-json\/wp\/v2\/posts\/154815\/revisions\/154820"}],"wp:featuredmedia":[{"embeddable":true,"href":"https:\/\/www.caririemacao.com\/1\/wp-json\/wp\/v2\/media\/154817"}],"wp:attachment":[{"href":"https:\/\/www.caririemacao.com\/1\/wp-json\/wp\/v2\/media?parent=154815"}],"wp:term":[{"taxonomy":"category","embeddable":true,"href":"https:\/\/www.caririemacao.com\/1\/wp-json\/wp\/v2\/categories?post=154815"},{"taxonomy":"post_tag","embeddable":true,"href":"https:\/\/www.caririemacao.com\/1\/wp-json\/wp\/v2\/tags?post=154815"}],"curies":[{"name":"wp","href":"https:\/\/api.w.org\/{rel}","templated":true}]}}