{"id":154822,"date":"2020-02-24T07:36:27","date_gmt":"2020-02-24T10:36:27","guid":{"rendered":"http:\/\/www.caririemacao.com\/1\/?p=154822"},"modified":"2020-02-24T09:40:18","modified_gmt":"2020-02-24T12:40:18","slug":"rafa-top-dj-marcilio-e-novo-som-mix-aquecem-1dia-de-carnaval-em-camalau","status":"publish","type":"post","link":"https:\/\/www.caririemacao.com\/1\/2020\/02\/24\/rafa-top-dj-marcilio-e-novo-som-mix-aquecem-1dia-de-carnaval-em-camalau\/","title":{"rendered":"Uma multid\u00e3o aquece  o domingo de Carnaval em Camala\u00fa"},"content":{"rendered":"\n<p>O primeiro dia de carnaval no Balne\u00e1rio de Camala\u00fa foi marcado pela presen\u00e7a de uma multid\u00e3o de pessoas de diversas cidades, quais aproveitaram para curtir muito som e shows.<\/p>\n\n\n\n<figure class=\"wp-block-image size-large\"><img fetchpriority=\"high\" decoding=\"async\" width=\"720\" height=\"480\" src=\"http:\/\/www.caririemacao.com\/1\/wp-content\/uploads\/2020\/02\/FB_IMG_1582539053679-2.jpg\" alt=\"\" class=\"wp-image-154931\" srcset=\"https:\/\/www.caririemacao.com\/1\/wp-content\/uploads\/2020\/02\/FB_IMG_1582539053679-2.jpg 720w, https:\/\/www.caririemacao.com\/1\/wp-content\/uploads\/2020\/02\/FB_IMG_1582539053679-2-300x200.jpg 300w\" sizes=\"(max-width: 720px) 100vw, 720px\" \/><\/figure>\n\n\n\n<figure class=\"wp-block-image size-large\"><img decoding=\"async\" width=\"720\" height=\"480\" data-src=\"http:\/\/www.caririemacao.com\/1\/wp-content\/uploads\/2020\/02\/FB_IMG_1582538864852.jpg\" alt=\"\" class=\"wp-image-154936 lazyload\" data-srcset=\"https:\/\/www.caririemacao.com\/1\/wp-content\/uploads\/2020\/02\/FB_IMG_1582538864852.jpg 720w, https:\/\/www.caririemacao.com\/1\/wp-content\/uploads\/2020\/02\/FB_IMG_1582538864852-300x200.jpg 300w\" data-sizes=\"(max-width: 720px) 100vw, 720px\" src=\"data:image\/svg+xml;base64,PHN2ZyB3aWR0aD0iMSIgaGVpZ2h0PSIxIiB4bWxucz0iaHR0cDovL3d3dy53My5vcmcvMjAwMC9zdmciPjwvc3ZnPg==\" style=\"--smush-placeholder-width: 720px; --smush-placeholder-aspect-ratio: 720\/480;\" \/><\/figure>\n\n\n\n<p>A primeira atra\u00e7\u00e3o a subir ao palco foi Rafa Top para come\u00e7ar a levantar a galera.<\/p>\n\n\n\n<figure class=\"wp-block-image size-large\"><img decoding=\"async\" width=\"720\" height=\"480\" data-src=\"http:\/\/www.caririemacao.com\/1\/wp-content\/uploads\/2020\/02\/FB_IMG_1582539287596.jpg\" alt=\"\" class=\"wp-image-154932 lazyload\" data-srcset=\"https:\/\/www.caririemacao.com\/1\/wp-content\/uploads\/2020\/02\/FB_IMG_1582539287596.jpg 720w, https:\/\/www.caririemacao.com\/1\/wp-content\/uploads\/2020\/02\/FB_IMG_1582539287596-300x200.jpg 300w\" data-sizes=\"(max-width: 720px) 100vw, 720px\" src=\"data:image\/svg+xml;base64,PHN2ZyB3aWR0aD0iMSIgaGVpZ2h0PSIxIiB4bWxucz0iaHR0cDovL3d3dy53My5vcmcvMjAwMC9zdmciPjwvc3ZnPg==\" style=\"--smush-placeholder-width: 720px; --smush-placeholder-aspect-ratio: 720\/480;\" \/><\/figure>\n\n\n\n<p>Em seguida, Dj Marc\u00edlio esquenta de vez a temperatura que j\u00e1 estava em plena anima\u00e7\u00e3o.<\/p>\n\n\n\n<figure class=\"wp-block-gallery columns-1 is-cropped wp-block-gallery-1 is-layout-flex wp-block-gallery-is-layout-flex\"><ul class=\"blocks-gallery-grid\"><li class=\"blocks-gallery-item\"><figure><img decoding=\"async\" width=\"720\" height=\"480\" data-src=\"https:\/\/www.caririemacao.com\/1\/wp-content\/uploads\/2020\/02\/FB_IMG_1582539072984.jpg\" alt=\"\" data-id=\"154883\" data-link=\"https:\/\/www.caririemacao.com\/1\/?attachment_id=154883\" class=\"wp-image-154883 lazyload\" data-srcset=\"https:\/\/www.caririemacao.com\/1\/wp-content\/uploads\/2020\/02\/FB_IMG_1582539072984.jpg 720w, https:\/\/www.caririemacao.com\/1\/wp-content\/uploads\/2020\/02\/FB_IMG_1582539072984-300x200.jpg 300w\" data-sizes=\"(max-width: 720px) 100vw, 720px\" src=\"data:image\/svg+xml;base64,PHN2ZyB3aWR0aD0iMSIgaGVpZ2h0PSIxIiB4bWxucz0iaHR0cDovL3d3dy53My5vcmcvMjAwMC9zdmciPjwvc3ZnPg==\" style=\"--smush-placeholder-width: 720px; --smush-placeholder-aspect-ratio: 720\/480;\" \/><\/figure><\/li><\/ul><\/figure>\n\n\n\n<p>Ainda para finalizar o domingo no Balne\u00e1rio o Novo Som Mix esteve no palco para fazer tamb\u00e9m a galera sair do ch\u00e3o.<\/p>\n\n\n\n<figure class=\"wp-block-image size-large\"><img decoding=\"async\" width=\"720\" height=\"480\" data-src=\"http:\/\/www.caririemacao.com\/1\/wp-content\/uploads\/2020\/02\/FB_IMG_1582539164738-1.jpg\" alt=\"\" class=\"wp-image-154933 lazyload\" data-srcset=\"https:\/\/www.caririemacao.com\/1\/wp-content\/uploads\/2020\/02\/FB_IMG_1582539164738-1.jpg 720w, https:\/\/www.caririemacao.com\/1\/wp-content\/uploads\/2020\/02\/FB_IMG_1582539164738-1-300x200.jpg 300w\" data-sizes=\"(max-width: 720px) 100vw, 720px\" src=\"data:image\/svg+xml;base64,PHN2ZyB3aWR0aD0iMSIgaGVpZ2h0PSIxIiB4bWxucz0iaHR0cDovL3d3dy53My5vcmcvMjAwMC9zdmciPjwvc3ZnPg==\" style=\"--smush-placeholder-width: 720px; --smush-placeholder-aspect-ratio: 720\/480;\" \/><\/figure>\n\n\n\n<figure class=\"wp-block-image size-large\"><img decoding=\"async\" width=\"720\" height=\"480\" data-src=\"http:\/\/www.caririemacao.com\/1\/wp-content\/uploads\/2020\/02\/FB_IMG_1582539510919-1.jpg\" alt=\"\" class=\"wp-image-154935 lazyload\" data-srcset=\"https:\/\/www.caririemacao.com\/1\/wp-content\/uploads\/2020\/02\/FB_IMG_1582539510919-1.jpg 720w, https:\/\/www.caririemacao.com\/1\/wp-content\/uploads\/2020\/02\/FB_IMG_1582539510919-1-300x200.jpg 300w\" data-sizes=\"(max-width: 720px) 100vw, 720px\" src=\"data:image\/svg+xml;base64,PHN2ZyB3aWR0aD0iMSIgaGVpZ2h0PSIxIiB4bWxucz0iaHR0cDovL3d3dy53My5vcmcvMjAwMC9zdmciPjwvc3ZnPg==\" style=\"--smush-placeholder-width: 720px; --smush-placeholder-aspect-ratio: 720\/480;\" \/><\/figure>\n\n\n\n<p>Vale destacar que o Carnaval de Camala\u00fa conta com um grande efetivo policial militar, seguran\u00e7as particulares e bombeiros militares que est\u00e3o dando todo apoio durante a programa\u00e7\u00e3o no Balne\u00e1rio e na Pra\u00e7a de Eventos.<\/p>\n\n\n\n<p>A programa\u00e7\u00e3o continua durante a noite com o Bloco das Virgens e em seguida show na Pra\u00e7a de Eventos com Dorgivan Brito.<\/p>\n\n\n\n<p>Veja as fotos<\/p>\n\n\n\n<figure class=\"wp-block-embed-facebook wp-block-embed is-type-rich is-provider-facebook\"><div class=\"wp-block-embed__wrapper\">\n<div class=\"ose- ose-uid-7803e63b7e991550ebf513724b43aa31 ose-embedpress-responsive\" style=\"width:600px; height:550px; max-height:550px; max-width:100%; display:inline-block;\" data-embed-type=\"Facebook\"><iframe allowFullScreen=\"true\" class=\"embera-facebook-iframe-7803e lazyload\" data-src=\"https:\/\/www.facebook.com\/plugins\/post.php?href=https%3A%2F%2Fwww.facebook.com%2F302749469861083%2Fposts%2F1818253058310709%2F&width=600&height=550&show_text=true\" width=\"600\" height=\"550\" style=\"border:none;overflow:hidden\" scrolling=\"no\" frameborder=\"0\" allowTransparency=\"true\" src=\"data:image\/svg+xml;base64,PHN2ZyB3aWR0aD0iMSIgaGVpZ2h0PSIxIiB4bWxucz0iaHR0cDovL3d3dy53My5vcmcvMjAwMC9zdmciPjwvc3ZnPg==\" data-load-mode=\"1\"><\/iframe><\/div>\n<\/div><\/figure>\n","protected":false},"excerpt":{"rendered":"<p>O primeiro dia de carnaval no Balne\u00e1rio de Camala\u00fa foi marcado pela presen\u00e7a de uma multid\u00e3o de pessoas de diversas cidades, quais aproveitaram para curtir&hellip; <\/p>\n","protected":false},"author":1,"featured_media":154923,"comment_status":"closed","ping_status":"closed","sticky":false,"template":"","format":"standard","meta":{"sfsi_plus_gutenberg_text_before_share":"","sfsi_plus_gutenberg_show_text_before_share":"","sfsi_plus_gutenberg_icon_type":"","sfsi_plus_gutenberg_icon_alignemt":"","sfsi_plus_gutenburg_max_per_row":"","footnotes":""},"categories":[6,50],"tags":[],"class_list":["post-154822","post","type-post","status-publish","format-standard","has-post-thumbnail","hentry","category-cidades","category-destaque"],"_links":{"self":[{"href":"https:\/\/www.caririemacao.com\/1\/wp-json\/wp\/v2\/posts\/154822","targetHints":{"allow":["GET"]}}],"collection":[{"href":"https:\/\/www.caririemacao.com\/1\/wp-json\/wp\/v2\/posts"}],"about":[{"href":"https:\/\/www.caririemacao.com\/1\/wp-json\/wp\/v2\/types\/post"}],"author":[{"embeddable":true,"href":"https:\/\/www.caririemacao.com\/1\/wp-json\/wp\/v2\/users\/1"}],"replies":[{"embeddable":true,"href":"https:\/\/www.caririemacao.com\/1\/wp-json\/wp\/v2\/comments?post=154822"}],"version-history":[{"count":10,"href":"https:\/\/www.caririemacao.com\/1\/wp-json\/wp\/v2\/posts\/154822\/revisions"}],"predecessor-version":[{"id":154937,"href":"https:\/\/www.caririemacao.com\/1\/wp-json\/wp\/v2\/posts\/154822\/revisions\/154937"}],"wp:featuredmedia":[{"embeddable":true,"href":"https:\/\/www.caririemacao.com\/1\/wp-json\/wp\/v2\/media\/154923"}],"wp:attachment":[{"href":"https:\/\/www.caririemacao.com\/1\/wp-json\/wp\/v2\/media?parent=154822"}],"wp:term":[{"taxonomy":"category","embeddable":true,"href":"https:\/\/www.caririemacao.com\/1\/wp-json\/wp\/v2\/categories?post=154822"},{"taxonomy":"post_tag","embeddable":true,"href":"https:\/\/www.caririemacao.com\/1\/wp-json\/wp\/v2\/tags?post=154822"}],"curies":[{"name":"wp","href":"https:\/\/api.w.org\/{rel}","templated":true}]}}