{"id":154825,"date":"2020-02-23T22:27:16","date_gmt":"2020-02-24T01:27:16","guid":{"rendered":"http:\/\/www.caririemacao.com\/1\/?p=154825"},"modified":"2020-02-23T22:29:25","modified_gmt":"2020-02-24T01:29:25","slug":"tentativa-de-homicidio-em-zabele","status":"publish","type":"post","link":"https:\/\/www.caririemacao.com\/1\/2020\/02\/23\/tentativa-de-homicidio-em-zabele\/","title":{"rendered":"Tentativa de homic\u00eddio em Zabel\u00ea"},"content":{"rendered":"\n<p>Por volta das 22h50min, deste s\u00e1bado, dia 22, a Pol\u00edcia Militar recebeu uma informa\u00e7\u00e3o de que na pra\u00e7a da cidade de Zabel\u00ea, havia ocorrido uma tentativa de homic\u00eddio por arma branca.<\/p>\n\n\n\n<p>Uma guarni\u00e7\u00e3o militar se deslocou at\u00e9 o local e constatou a veracidade da informa\u00e7\u00e3o. A v\u00edtima Celso da Silva Nunes com 23 anos de idade j\u00e1 havia sido socorrida para o Hospital Regional de Monteiro. O acusado Aron Issac Monteiro Barcelar, se evadiu do local ap\u00f3s a agress\u00e3o. <\/p>\n\n\n\n<p>O fato ocorreu na porta da casa do acusado, pois a v\u00edtima foi tomar satisfa\u00e7\u00f5es devido a brigas anteriores. A pol\u00edcia continua fazendo rondas em busca do acusado.<\/p>\n","protected":false},"excerpt":{"rendered":"<p>Por volta das 22h50min, deste s\u00e1bado, dia 22, a Pol\u00edcia Militar recebeu uma informa\u00e7\u00e3o de que na pra\u00e7a da cidade de Zabel\u00ea, havia ocorrido uma&hellip; <\/p>\n","protected":false},"author":1,"featured_media":88728,"comment_status":"closed","ping_status":"closed","sticky":false,"template":"","format":"standard","meta":{"sfsi_plus_gutenberg_text_before_share":"","sfsi_plus_gutenberg_show_text_before_share":"","sfsi_plus_gutenberg_icon_type":"","sfsi_plus_gutenberg_icon_alignemt":"","sfsi_plus_gutenburg_max_per_row":"","footnotes":""},"categories":[50,12],"tags":[],"class_list":["post-154825","post","type-post","status-publish","format-standard","has-post-thumbnail","hentry","category-destaque","category-policia"],"_links":{"self":[{"href":"https:\/\/www.caririemacao.com\/1\/wp-json\/wp\/v2\/posts\/154825","targetHints":{"allow":["GET"]}}],"collection":[{"href":"https:\/\/www.caririemacao.com\/1\/wp-json\/wp\/v2\/posts"}],"about":[{"href":"https:\/\/www.caririemacao.com\/1\/wp-json\/wp\/v2\/types\/post"}],"author":[{"embeddable":true,"href":"https:\/\/www.caririemacao.com\/1\/wp-json\/wp\/v2\/users\/1"}],"replies":[{"embeddable":true,"href":"https:\/\/www.caririemacao.com\/1\/wp-json\/wp\/v2\/comments?post=154825"}],"version-history":[{"count":2,"href":"https:\/\/www.caririemacao.com\/1\/wp-json\/wp\/v2\/posts\/154825\/revisions"}],"predecessor-version":[{"id":154827,"href":"https:\/\/www.caririemacao.com\/1\/wp-json\/wp\/v2\/posts\/154825\/revisions\/154827"}],"wp:featuredmedia":[{"embeddable":true,"href":"https:\/\/www.caririemacao.com\/1\/wp-json\/wp\/v2\/media\/88728"}],"wp:attachment":[{"href":"https:\/\/www.caririemacao.com\/1\/wp-json\/wp\/v2\/media?parent=154825"}],"wp:term":[{"taxonomy":"category","embeddable":true,"href":"https:\/\/www.caririemacao.com\/1\/wp-json\/wp\/v2\/categories?post=154825"},{"taxonomy":"post_tag","embeddable":true,"href":"https:\/\/www.caririemacao.com\/1\/wp-json\/wp\/v2\/tags?post=154825"}],"curies":[{"name":"wp","href":"https:\/\/api.w.org\/{rel}","templated":true}]}}