{"id":154842,"date":"2020-02-24T06:55:50","date_gmt":"2020-02-24T09:55:50","guid":{"rendered":"http:\/\/www.caririemacao.com\/1\/?p=154842"},"modified":"2020-02-24T06:55:52","modified_gmt":"2020-02-24T09:55:52","slug":"o-coronavirus-e-a-maior-emergencia-de-saude-na-china-desde-a-fundacao-do-regime-comunista-diz-xi-jinping","status":"publish","type":"post","link":"https:\/\/www.caririemacao.com\/1\/2020\/02\/24\/o-coronavirus-e-a-maior-emergencia-de-saude-na-china-desde-a-fundacao-do-regime-comunista-diz-xi-jinping\/","title":{"rendered":"O coronav\u00edrus \u00e9 a &#8216;maior emerg\u00eancia de sa\u00fade&#8217; na China desde a funda\u00e7\u00e3o do regime comunista, diz Xi Jinping"},"content":{"rendered":"\n<p>A nova epidemia de coronav\u00edrus \u00e9 a &#8220;maior emerg\u00eancia de sa\u00fade&#8221; da China desde a funda\u00e7\u00e3o do regime comunista em 1949, disse o presidente Xi Jinping, neste domingo.<\/p>\n\n\n\n<p>\u00c9 necess\u00e1rio aprender com as &#8220;defici\u00eancias \u00f3bvias&#8221; que ocorreram na resposta da China, acrescentou Xi em uma reuni\u00e3o oficial para coordenar a luta contra o v\u00edrus, um reconhecimento incomum por um l\u00edder chin\u00eas.<\/p>\n\n\n\n<p>Em coment\u00e1rios coletados pela rede estatal de CFTV, Xi disse que a epidemia &#8220;tem a transmiss\u00e3o mais r\u00e1pida, a maior variedade de infec\u00e7\u00f5es e tem sido mais dif\u00edcil de prevenir e controlar&#8221;.<\/p>\n\n\n\n<p>\u2014 \u00c9 uma crise para n\u00f3s e um \u00f3timo teste \u2014 acrescentou.<\/p>\n\n\n\n<p>As declara\u00e7\u00f5es do presidente chin\u00eas chegam em um momento em que o v\u00edrus j\u00e1 matou cerca de 2.400 vidas e infectou quase 77.000 pessoas na China continental.<\/p>\n\n\n\n<p>Al\u00e9m disso, fora do pa\u00eds, a CorEia do Sul ativou o alerta m\u00e1ximo e a It\u00e1lia estabeleceu medidas de quarentena.<\/p>\n\n\n\n<p>Xi reconheceu no domingo que a epidemia &#8220;inevitavelmente ter\u00e1 um grande impacto na economia e na sociedade&#8221;, mas enfatizou que os efeitos ser\u00e3o &#8220;de curto prazo&#8221; e control\u00e1veis.<\/p>\n\n\n\n<p><strong>Mais de 100 infectados na It\u00e1lia<\/strong><br><\/p>\n\n\n\n<p>No norte da It\u00e1lia, est\u00e3o bloqueadas a entrada e a sa\u00edda de \u00e1reas onde vivem mais de 52 mil pessoas. A medida foi tomada para controlar o surto no pa\u00eds europeu.<\/p>\n\n\n\n<p>O governo local tenta proteger uma parte das regi\u00f5es da Lombardia (norte) e Veneto (nordeste).<\/p>\n\n\n\n<p>Empresas e estabelecimentos fecharam as portas, enquanto eventos culturais e jogos de futebol foram adiados.<\/p>\n\n\n\n<p>A primeira medida de confinamento no mundo foi decidida em 23 de janeiro para os 11 milh\u00f5es de habitantes de Wuhan, uma cidade no centro da China onde a epidemia de pneumonia viral surgiu em dezembro.<\/p>\n\n\n\n<p>O decreto-lei prev\u00ea penas de at\u00e9 tr\u00eas meses de pris\u00e3o para quem entrar ou sair dessas \u00e1reas bloqueadas sem autoriza\u00e7\u00e3o.<\/p>\n\n\n\n<p>O governante da Lombardia, a regi\u00e3o mais afetada, disse que o pa\u00eds j\u00e1 tem &#8220;mais de 100 casos&#8221; e exigiu maiores controles nas fronteiras. Dois septuagen\u00e1rios morreram da doen\u00e7a no pa\u00eds nos \u00faltimos dias.<\/p>\n\n\n\n<p>A It\u00e1lia \u00e9 o pa\u00eds europeu mais afetado pelo v\u00edrus. O foco est\u00e1 em Codogno, perto de Mil\u00e3o.<\/p>\n\n\n\n<p>Giuseppe Conte, primeiro-ministro italiano, avisou que poderia recorrer ao ex\u00e9rcito para monitorar os postos de controle.<\/p>\n\n\n\n<p><strong>China tem 2.442 mortos<\/strong><br><\/p>\n\n\n\n<p>Na China, o saldo no domingo foi de 2.442 mortos ap\u00f3s o an\u00fancio de 97 novas v\u00edtimas. Exceto um, todos est\u00e3o na prov\u00edncia central de Hubei, epicentro do surto.<\/p>\n\n\n\n<p>O Minist\u00e9rio da Sa\u00fade registrou 648 novas infec\u00e7\u00f5es, portanto j\u00e1 existem cerca de 77 mil casos em todo o pa\u00eds.<\/p>\n\n\n\n<p>O n\u00famero de mortes anunciadas no domingo nas \u00faltimas 24 horas continua em ligeiro decl\u00ednio, em compara\u00e7\u00e3o \u00e0 v\u00e9spera (109), mas as infec\u00e7\u00f5es aumentam (397 no s\u00e1bado).<\/p>\n\n\n\n<p>A expans\u00e3o fora da China est\u00e1 despertando grande preocupa\u00e7\u00e3o. A OMS teme &#8220;a poss\u00edvel dissemina\u00e7\u00e3o do Covid-19 em pa\u00edses cujos sistemas de sa\u00fade s\u00e3o mais prec\u00e1rios&#8221;, alertou seu CEO, Tedros Adhanom Ghebreyesus.<\/p>\n\n\n\n<p>\u00c9 o caso de muitos pa\u00edses africanos cujas infra-estruturas de sa\u00fade e pessoal m\u00e9dico est\u00e3o mal preparados para enfrentar a epidemia. Por enquanto, no continente, apenas o Egito confirmou uma pessoa infectada.<\/p>\n\n\n\n<p>Um estudo publicado sexta-feira pelo Centro de Doen\u00e7as Infecciosas do Imperial College de Londres estima que &#8220;cerca de dois ter\u00e7os dos casos de COVID-19 na China n\u00e3o foram detectados em todo o mundo&#8221;.<\/p>\n\n\n\n<p><\/p>\n\n\n\n<p>O Globo<\/p>\n","protected":false},"excerpt":{"rendered":"<p>A nova epidemia de coronav\u00edrus \u00e9 a &#8220;maior emerg\u00eancia de sa\u00fade&#8221; da China desde a funda\u00e7\u00e3o do regime comunista em 1949, disse o presidente Xi&hellip; <\/p>\n","protected":false},"author":2,"featured_media":154843,"comment_status":"closed","ping_status":"closed","sticky":false,"template":"","format":"standard","meta":{"sfsi_plus_gutenberg_text_before_share":"","sfsi_plus_gutenberg_show_text_before_share":"","sfsi_plus_gutenberg_icon_type":"","sfsi_plus_gutenberg_icon_alignemt":"","sfsi_plus_gutenburg_max_per_row":"","footnotes":""},"categories":[16],"tags":[],"class_list":["post-154842","post","type-post","status-publish","format-standard","has-post-thumbnail","hentry","category-saude"],"_links":{"self":[{"href":"https:\/\/www.caririemacao.com\/1\/wp-json\/wp\/v2\/posts\/154842","targetHints":{"allow":["GET"]}}],"collection":[{"href":"https:\/\/www.caririemacao.com\/1\/wp-json\/wp\/v2\/posts"}],"about":[{"href":"https:\/\/www.caririemacao.com\/1\/wp-json\/wp\/v2\/types\/post"}],"author":[{"embeddable":true,"href":"https:\/\/www.caririemacao.com\/1\/wp-json\/wp\/v2\/users\/2"}],"replies":[{"embeddable":true,"href":"https:\/\/www.caririemacao.com\/1\/wp-json\/wp\/v2\/comments?post=154842"}],"version-history":[{"count":1,"href":"https:\/\/www.caririemacao.com\/1\/wp-json\/wp\/v2\/posts\/154842\/revisions"}],"predecessor-version":[{"id":154844,"href":"https:\/\/www.caririemacao.com\/1\/wp-json\/wp\/v2\/posts\/154842\/revisions\/154844"}],"wp:featuredmedia":[{"embeddable":true,"href":"https:\/\/www.caririemacao.com\/1\/wp-json\/wp\/v2\/media\/154843"}],"wp:attachment":[{"href":"https:\/\/www.caririemacao.com\/1\/wp-json\/wp\/v2\/media?parent=154842"}],"wp:term":[{"taxonomy":"category","embeddable":true,"href":"https:\/\/www.caririemacao.com\/1\/wp-json\/wp\/v2\/categories?post=154842"},{"taxonomy":"post_tag","embeddable":true,"href":"https:\/\/www.caririemacao.com\/1\/wp-json\/wp\/v2\/tags?post=154842"}],"curies":[{"name":"wp","href":"https:\/\/api.w.org\/{rel}","templated":true}]}}