{"id":154846,"date":"2020-02-24T06:57:42","date_gmt":"2020-02-24T09:57:42","guid":{"rendered":"http:\/\/www.caririemacao.com\/1\/?p=154846"},"modified":"2020-02-24T06:57:44","modified_gmt":"2020-02-24T09:57:44","slug":"coronavirus-brasileiros-deixam-quarentena-na-base-aerea-de-anapolis","status":"publish","type":"post","link":"https:\/\/www.caririemacao.com\/1\/2020\/02\/24\/coronavirus-brasileiros-deixam-quarentena-na-base-aerea-de-anapolis\/","title":{"rendered":"Coronav\u00edrus: brasileiros deixam quarentena na Base A\u00e9rea de An\u00e1polis"},"content":{"rendered":"\n<p>O grupo de 58 repatriados da China que estava em quarentena na Base A\u00e9rea de An\u00e1polis foi liberado hoje (23), quatro dias antes do previsto.<\/p>\n\n\n\n<p>Antes de embarcarem em avi\u00f5es da For\u00e7a A\u00e9rea Brasileira (FAB), em An\u00e1polis, para as suas cidades, os repatriados participaram de um caf\u00e9 da manh\u00e3 de despedida e de uma cerim\u00f4nia, com a presen\u00e7a do ministro da Defesa, Fernando Azevedo; do governador do Estado de Goi\u00e1s, Ronaldo Caiado; e do prefeito de An\u00e1polis, Roberto Naves.<\/p>\n\n\n\n<p>Em fala a integrantes da opera\u00e7\u00e3o de resgate dos brasileiros, o ministro da Defesa, Fernando Azevedo, disse que o sentimento era de \u201corgulho, de miss\u00e3o cumprida\u201d, ao concluir a Opera\u00e7\u00e3o Regresso \u00e0 P\u00e1tria Amada Brasil. Azevedo agradeceu a todos que participaram do acolhimento ao grupo de repatriados.<\/p>\n\n\n\n<p>A libera\u00e7\u00e3o foi feita ap\u00f3s a confirma\u00e7\u00e3o de que os repatriados n\u00e3o est\u00e3o infectados pelo novo coronav\u00edrus. Na \u00faltima sexta-feira (21), foi feita a terceira e \u00faltima coleta de material no Brasil para exame espec\u00edfico para o novo coronav\u00edrus e, a an\u00e1lise do Laborat\u00f3rio Central do Estado de Goi\u00e1s mostrou resultados negativos. Cada um dos repatriados recebeu uma declara\u00e7\u00e3o do Minist\u00e9rio da Sa\u00fade informando o estado de sa\u00fade livre da doen\u00e7a pelo novo coronav\u00edrus (Covid-19).<\/p>\n\n\n\n<p>Segundo Minist\u00e9rio da Defesa, o grupo ser\u00e1 apoiado por aeronaves da FAB, \u201cem aproveitamento de voos de transporte log\u00edstico de material e de militares\u201d. Os destinos s\u00e3o os seguintes:<\/p>\n\n\n\n<p><strong>Distrito Federal<\/strong>&nbsp;\u2014 20 passageiros, sendo 9 militares, 1 profissional do Minist\u00e9rio da Sa\u00fade, 1 profissional da Empresa Brasil de Comunica\u00e7\u00e3o (EBC) e 9 repatriados;<\/p>\n\n\n\n<p>S\u00e3o Paulo &#8211; 13 passageiros, sendo 11 repatriados, um militar e uma integrante do Minist\u00e9rio da Sa\u00fade;<\/p>\n\n\n\n<p>Rio de Janeiro &#8211; 11 militares;<\/p>\n\n\n\n<p>Paran\u00e1 &#8211; 5 repatriados;<\/p>\n\n\n\n<p>Santa Catarina &#8211; 4 repatriados;<\/p>\n\n\n\n<p>Minas Gerais &#8211; 3 repatriados;<\/p>\n\n\n\n<p>Par\u00e1 &#8211; 1 repatriada;<\/p>\n\n\n\n<p>Dois repatriados, transportados para Bras\u00edlia, seguir\u00e3o em voos comerciais para o Maranh\u00e3o e para o Rio Grande do Norte. Um repatriado permanecer\u00e1 em An\u00e1polis (GO).<\/p>\n\n\n\n<p><strong>Opera\u00e7\u00e3o Regresso<\/strong><br><\/p>\n\n\n\n<p>No dia 5 de fevereiro, duas aeronaves da For\u00e7a A\u00e9rea Brasileira partiram para Wuhan, epicentro da doen\u00e7a que j\u00e1 matou mais de 2.300 pessoas na China. Entre brasileiros e familiares de outras nacionalidades, 34 chegaram ao Brasil no dia 9 de fevereiro. Al\u00e9m dos repatriados, 24 profissionais que fizeram parte do resgate tamb\u00e9m estavam cumprindo a quarentena inicialmente prevista para durar 18 dias. O procedimento \u00e9 um protocolo internacional para evitar a dissemina\u00e7\u00e3o da doen\u00e7a no Brasil. At\u00e9 o momento, no Brasil, n\u00e3o h\u00e1 registro de casos da doen\u00e7a.<\/p>\n","protected":false},"excerpt":{"rendered":"<p>O grupo de 58 repatriados da China que estava em quarentena na Base A\u00e9rea de An\u00e1polis foi liberado hoje (23), quatro dias antes do previsto.&hellip; <\/p>\n","protected":false},"author":2,"featured_media":154847,"comment_status":"closed","ping_status":"closed","sticky":false,"template":"","format":"standard","meta":{"sfsi_plus_gutenberg_text_before_share":"","sfsi_plus_gutenberg_show_text_before_share":"","sfsi_plus_gutenberg_icon_type":"","sfsi_plus_gutenberg_icon_alignemt":"","sfsi_plus_gutenburg_max_per_row":"","footnotes":""},"categories":[50,16],"tags":[],"class_list":["post-154846","post","type-post","status-publish","format-standard","has-post-thumbnail","hentry","category-destaque","category-saude"],"_links":{"self":[{"href":"https:\/\/www.caririemacao.com\/1\/wp-json\/wp\/v2\/posts\/154846","targetHints":{"allow":["GET"]}}],"collection":[{"href":"https:\/\/www.caririemacao.com\/1\/wp-json\/wp\/v2\/posts"}],"about":[{"href":"https:\/\/www.caririemacao.com\/1\/wp-json\/wp\/v2\/types\/post"}],"author":[{"embeddable":true,"href":"https:\/\/www.caririemacao.com\/1\/wp-json\/wp\/v2\/users\/2"}],"replies":[{"embeddable":true,"href":"https:\/\/www.caririemacao.com\/1\/wp-json\/wp\/v2\/comments?post=154846"}],"version-history":[{"count":1,"href":"https:\/\/www.caririemacao.com\/1\/wp-json\/wp\/v2\/posts\/154846\/revisions"}],"predecessor-version":[{"id":154848,"href":"https:\/\/www.caririemacao.com\/1\/wp-json\/wp\/v2\/posts\/154846\/revisions\/154848"}],"wp:featuredmedia":[{"embeddable":true,"href":"https:\/\/www.caririemacao.com\/1\/wp-json\/wp\/v2\/media\/154847"}],"wp:attachment":[{"href":"https:\/\/www.caririemacao.com\/1\/wp-json\/wp\/v2\/media?parent=154846"}],"wp:term":[{"taxonomy":"category","embeddable":true,"href":"https:\/\/www.caririemacao.com\/1\/wp-json\/wp\/v2\/categories?post=154846"},{"taxonomy":"post_tag","embeddable":true,"href":"https:\/\/www.caririemacao.com\/1\/wp-json\/wp\/v2\/tags?post=154846"}],"curies":[{"name":"wp","href":"https:\/\/api.w.org\/{rel}","templated":true}]}}