{"id":154850,"date":"2020-02-24T07:02:56","date_gmt":"2020-02-24T10:02:56","guid":{"rendered":"http:\/\/www.caririemacao.com\/1\/?p=154850"},"modified":"2020-02-24T07:02:57","modified_gmt":"2020-02-24T10:02:57","slug":"grupo-na-ufpb-discute-papel-das-mulheres-na-educacao","status":"publish","type":"post","link":"https:\/\/www.caririemacao.com\/1\/2020\/02\/24\/grupo-na-ufpb-discute-papel-das-mulheres-na-educacao\/","title":{"rendered":"Grupo na UFPB discute papel das mulheres na educa\u00e7\u00e3o"},"content":{"rendered":"\n<p>O Departamento de Educa\u00e7\u00e3o (DED) do campus Mamanguape da Universidade Federal da Para\u00edba (UFPB) oferece dez vagas para o curso de extens\u00e3o \u201cMulheres na Educa\u00e7\u00e3o: novas epistemologias\u201d. Interessados devem se inscrever, pelo Sistema Integrado de Gest\u00e3o de Atividades Acad\u00eamicas (Sigaa), at\u00e9 domingo (23).<\/p>\n\n\n\n<p>Os debates ser\u00e3o no Centro de Ci\u00eancias Aplicadas e Educa\u00e7\u00e3o (CCAE) do campus Mamanguape da UFPB e acontecer\u00e3o&nbsp; -semanalmente&nbsp; a partir das 16h30 &#8211; de 28 de fevereiro at\u00e9 20 de mar\u00e7o. A carga-hor\u00e1ria \u00e9 de 15 horas-aula.<\/p>\n\n\n\n<p>A iniciativa visa promover o debate te\u00f3rico de autoras que enfatizam em seus trabalhos o combate \u00e0s desigualdades no campo educacional e foi inspirada na obra \u201cEnsinando a transgredir: a educa\u00e7\u00e3o como pr\u00e1tica da liberdade\u201d da professora, fil\u00f3sofa e escritora norte-americana Bell Hooks.<\/p>\n\n\n\n<p>De acordo com a coordenadora do curso, professora Renata Monteiro Garcia, ser\u00e1 uma forma\u00e7\u00e3o para ampliar os espa\u00e7os de di\u00e1logo sobre fazer educa\u00e7\u00e3o com os valores dos direitos humanos.<\/p>\n\n\n\n<p>\u201cVamos discutir temas como pedagogia engajada, revolu\u00e7\u00e3o de valores e a constru\u00e7\u00e3o de uma comunidade pedag\u00f3gica. S\u00e3o assuntos fundamentais para estimular uma educa\u00e7\u00e3o voltada \u00e0 integra\u00e7\u00e3o e ao respeito de distintas viv\u00eancias, alicer\u00e7ando as bases dos direitos humanos\u201d, enfatiza.<\/p>\n\n\n\n<p>Para a professora Renata Garcia, essa \u00e9 uma oferta de espa\u00e7o para reflex\u00e3o cr\u00edtica no campo do ensino. &#8220;Revela tamb\u00e9m a forma\u00e7\u00e3o docente preocupada em conhecer e aprofundar teorias da educa\u00e7\u00e3o voltadas para o enfrentamento das desigualdades sociais&#8221;, afirma.<\/p>\n\n\n\n<p><strong>Influ\u00eancia de Bell Hooks<\/strong><br><\/p>\n\n\n\n<p>Escritora, professora e intelectual negra insurgente, Bell Hooks prop\u00f5e, segundo a professora Renata Garcia, enfatizar &#8220;o apelo coletivo pela renova\u00e7\u00e3o e pelo rejuvenescimento de nossas pr\u00e1ticas de ensino&#8221;.&nbsp; A ideia dela &#8220;\u00e9 pensar e repensar a educa\u00e7\u00e3o de forma que seja poss\u00edvel transgredir fronteiras e transform\u00e1-la em uma pr\u00e1tica de liberdade, n\u00e3o de clausura&#8221;.<\/p>\n","protected":false},"excerpt":{"rendered":"<p>O Departamento de Educa\u00e7\u00e3o (DED) do campus Mamanguape da Universidade Federal da Para\u00edba (UFPB) oferece dez vagas para o curso de extens\u00e3o \u201cMulheres na Educa\u00e7\u00e3o:&hellip; <\/p>\n","protected":false},"author":2,"featured_media":154851,"comment_status":"closed","ping_status":"closed","sticky":false,"template":"","format":"standard","meta":{"sfsi_plus_gutenberg_text_before_share":"","sfsi_plus_gutenberg_show_text_before_share":"","sfsi_plus_gutenberg_icon_type":"","sfsi_plus_gutenberg_icon_alignemt":"","sfsi_plus_gutenburg_max_per_row":"","footnotes":""},"categories":[14],"tags":[],"class_list":["post-154850","post","type-post","status-publish","format-standard","has-post-thumbnail","hentry","category-educacao"],"_links":{"self":[{"href":"https:\/\/www.caririemacao.com\/1\/wp-json\/wp\/v2\/posts\/154850","targetHints":{"allow":["GET"]}}],"collection":[{"href":"https:\/\/www.caririemacao.com\/1\/wp-json\/wp\/v2\/posts"}],"about":[{"href":"https:\/\/www.caririemacao.com\/1\/wp-json\/wp\/v2\/types\/post"}],"author":[{"embeddable":true,"href":"https:\/\/www.caririemacao.com\/1\/wp-json\/wp\/v2\/users\/2"}],"replies":[{"embeddable":true,"href":"https:\/\/www.caririemacao.com\/1\/wp-json\/wp\/v2\/comments?post=154850"}],"version-history":[{"count":1,"href":"https:\/\/www.caririemacao.com\/1\/wp-json\/wp\/v2\/posts\/154850\/revisions"}],"predecessor-version":[{"id":154852,"href":"https:\/\/www.caririemacao.com\/1\/wp-json\/wp\/v2\/posts\/154850\/revisions\/154852"}],"wp:featuredmedia":[{"embeddable":true,"href":"https:\/\/www.caririemacao.com\/1\/wp-json\/wp\/v2\/media\/154851"}],"wp:attachment":[{"href":"https:\/\/www.caririemacao.com\/1\/wp-json\/wp\/v2\/media?parent=154850"}],"wp:term":[{"taxonomy":"category","embeddable":true,"href":"https:\/\/www.caririemacao.com\/1\/wp-json\/wp\/v2\/categories?post=154850"},{"taxonomy":"post_tag","embeddable":true,"href":"https:\/\/www.caririemacao.com\/1\/wp-json\/wp\/v2\/tags?post=154850"}],"curies":[{"name":"wp","href":"https:\/\/api.w.org\/{rel}","templated":true}]}}