{"id":154854,"date":"2020-02-24T07:04:38","date_gmt":"2020-02-24T10:04:38","guid":{"rendered":"http:\/\/www.caririemacao.com\/1\/?p=154854"},"modified":"2020-02-24T07:04:39","modified_gmt":"2020-02-24T10:04:39","slug":"homem-e-preso-suspeito-de-invadir-apartamento-e-tentar-estuprar-mulher","status":"publish","type":"post","link":"https:\/\/www.caririemacao.com\/1\/2020\/02\/24\/homem-e-preso-suspeito-de-invadir-apartamento-e-tentar-estuprar-mulher\/","title":{"rendered":"Homem \u00e9 preso suspeito de invadir apartamento e tentar estuprar mulher"},"content":{"rendered":"\n<p>Um homem foi preso suspeito de invas\u00e3o a domic\u00edlio e tentativa de estupro, em Guarabira, no Brejo da Para\u00edba. A pris\u00e3o foi executada na madrugada deste domingo (23), quando a v\u00edtima denunciou que o homem invadiu seu quarto.<\/p>\n\n\n\n<p>A v\u00edtima conseguiu se comunicar com amigos atrav\u00e9s do celular. De acordo com informa\u00e7\u00f5es dos policiais do 4\u00ba Batalh\u00e3o de Pol\u00edcia Militar, ela relatou que o homem havia se escondido em seu apartamento e que ela sentiu que seu len\u00e7ol estava sendo levantado como se quisessem ver suas partes \u00edntimas.<\/p>\n\n\n\n<p>Os amigos com quem ela falou acionaram a PM atrav\u00e9s do 190. O homem foi preso e levado \u00e0 delegacia.<\/p>\n","protected":false},"excerpt":{"rendered":"<p>Um homem foi preso suspeito de invas\u00e3o a domic\u00edlio e tentativa de estupro, em Guarabira, no Brejo da Para\u00edba. A pris\u00e3o foi executada na madrugada&hellip; <\/p>\n","protected":false},"author":2,"featured_media":154855,"comment_status":"closed","ping_status":"closed","sticky":false,"template":"","format":"standard","meta":{"sfsi_plus_gutenberg_text_before_share":"","sfsi_plus_gutenberg_show_text_before_share":"","sfsi_plus_gutenberg_icon_type":"","sfsi_plus_gutenberg_icon_alignemt":"","sfsi_plus_gutenburg_max_per_row":"","footnotes":""},"categories":[12],"tags":[],"class_list":["post-154854","post","type-post","status-publish","format-standard","has-post-thumbnail","hentry","category-policia"],"_links":{"self":[{"href":"https:\/\/www.caririemacao.com\/1\/wp-json\/wp\/v2\/posts\/154854","targetHints":{"allow":["GET"]}}],"collection":[{"href":"https:\/\/www.caririemacao.com\/1\/wp-json\/wp\/v2\/posts"}],"about":[{"href":"https:\/\/www.caririemacao.com\/1\/wp-json\/wp\/v2\/types\/post"}],"author":[{"embeddable":true,"href":"https:\/\/www.caririemacao.com\/1\/wp-json\/wp\/v2\/users\/2"}],"replies":[{"embeddable":true,"href":"https:\/\/www.caririemacao.com\/1\/wp-json\/wp\/v2\/comments?post=154854"}],"version-history":[{"count":1,"href":"https:\/\/www.caririemacao.com\/1\/wp-json\/wp\/v2\/posts\/154854\/revisions"}],"predecessor-version":[{"id":154856,"href":"https:\/\/www.caririemacao.com\/1\/wp-json\/wp\/v2\/posts\/154854\/revisions\/154856"}],"wp:featuredmedia":[{"embeddable":true,"href":"https:\/\/www.caririemacao.com\/1\/wp-json\/wp\/v2\/media\/154855"}],"wp:attachment":[{"href":"https:\/\/www.caririemacao.com\/1\/wp-json\/wp\/v2\/media?parent=154854"}],"wp:term":[{"taxonomy":"category","embeddable":true,"href":"https:\/\/www.caririemacao.com\/1\/wp-json\/wp\/v2\/categories?post=154854"},{"taxonomy":"post_tag","embeddable":true,"href":"https:\/\/www.caririemacao.com\/1\/wp-json\/wp\/v2\/tags?post=154854"}],"curies":[{"name":"wp","href":"https:\/\/api.w.org\/{rel}","templated":true}]}}