{"id":154859,"date":"2020-02-24T07:06:36","date_gmt":"2020-02-24T10:06:36","guid":{"rendered":"http:\/\/www.caririemacao.com\/1\/?p=154859"},"modified":"2020-02-24T07:06:37","modified_gmt":"2020-02-24T10:06:37","slug":"brasil-participa-da-43a-sessao-do-conselho-de-direitos-humanos-da-onu","status":"publish","type":"post","link":"https:\/\/www.caririemacao.com\/1\/2020\/02\/24\/brasil-participa-da-43a-sessao-do-conselho-de-direitos-humanos-da-onu\/","title":{"rendered":"Brasil participa da 43\u00aa sess\u00e3o do Conselho de Direitos Humanos da ONU"},"content":{"rendered":"\n<p>A ministra da Mulher, da Fam\u00edlia e dos Direitos Humanos, Damares Alves, vai chefiar a delega\u00e7\u00e3o brasileira na 43\u00aa sess\u00e3o do Conselho de Direitos Humanos das Na\u00e7\u00f5es Unidas, em Genebra, na Su\u00ed\u00e7a.<\/p>\n\n\n\n<p>A reuni\u00e3o \u00e9 o principal encontro de l\u00edderes internacionais sobre o tema e contar\u00e1 com a participa\u00e7\u00e3o de mais de 100 ministros e altas autoridades da \u00e1rea de direitos humanos. O evento ocorre entre os dias 24 e 27 de fevereiro.<\/p>\n\n\n\n<p>Damares vai discursar no Conselho de Direitos Humanos e participar\u00e1 de pain\u00e9is de alto n\u00edvel em comemora\u00e7\u00e3o aos 30 anos da Conven\u00e7\u00e3o sobre Direitos da Crian\u00e7a e aos 25 anos da Confer\u00eancia de Pequim sobre Mulheres.<\/p>\n\n\n\n<p>A ministra manter\u00e1 reuni\u00f5es bilaterais com autoridades internacionais da \u00e1rea dos direitos humanos e participar\u00e1 de eventos promovidos pela Comunidade de Pa\u00edses de L\u00edngua Portuguesa, sobre direitos da crian\u00e7a, e pelo Grupo de Lima, sobre situa\u00e7\u00e3o dos direitos humanos na Venezuela.<\/p>\n\n\n\n<p>Em seu quarto mandato como membro do Conselho de Direitos Humanos, o Brasil continuar\u00e1 a empenhar-se para tornar mais efetivo o trabalho do \u00f3rg\u00e3o na promo\u00e7\u00e3o e prote\u00e7\u00e3o internacional dos direitos humanos.<\/p>\n\n\n\n<p>Ao longo da 43\u00aa sess\u00e3o, que se encerra em 20 de mar\u00e7o, est\u00e3o previstos mais de 200 eventos paralelos, promovidos por pa\u00edses e entidades da sociedade civil.<\/p>\n","protected":false},"excerpt":{"rendered":"<p>A ministra da Mulher, da Fam\u00edlia e dos Direitos Humanos, Damares Alves, vai chefiar a delega\u00e7\u00e3o brasileira na 43\u00aa sess\u00e3o do Conselho de Direitos Humanos&hellip; <\/p>\n","protected":false},"author":2,"featured_media":139862,"comment_status":"closed","ping_status":"closed","sticky":false,"template":"","format":"standard","meta":{"sfsi_plus_gutenberg_text_before_share":"","sfsi_plus_gutenberg_show_text_before_share":"","sfsi_plus_gutenberg_icon_type":"","sfsi_plus_gutenberg_icon_alignemt":"","sfsi_plus_gutenburg_max_per_row":"","footnotes":""},"categories":[11],"tags":[],"class_list":["post-154859","post","type-post","status-publish","format-standard","has-post-thumbnail","hentry","category-politica"],"_links":{"self":[{"href":"https:\/\/www.caririemacao.com\/1\/wp-json\/wp\/v2\/posts\/154859","targetHints":{"allow":["GET"]}}],"collection":[{"href":"https:\/\/www.caririemacao.com\/1\/wp-json\/wp\/v2\/posts"}],"about":[{"href":"https:\/\/www.caririemacao.com\/1\/wp-json\/wp\/v2\/types\/post"}],"author":[{"embeddable":true,"href":"https:\/\/www.caririemacao.com\/1\/wp-json\/wp\/v2\/users\/2"}],"replies":[{"embeddable":true,"href":"https:\/\/www.caririemacao.com\/1\/wp-json\/wp\/v2\/comments?post=154859"}],"version-history":[{"count":1,"href":"https:\/\/www.caririemacao.com\/1\/wp-json\/wp\/v2\/posts\/154859\/revisions"}],"predecessor-version":[{"id":154860,"href":"https:\/\/www.caririemacao.com\/1\/wp-json\/wp\/v2\/posts\/154859\/revisions\/154860"}],"wp:featuredmedia":[{"embeddable":true,"href":"https:\/\/www.caririemacao.com\/1\/wp-json\/wp\/v2\/media\/139862"}],"wp:attachment":[{"href":"https:\/\/www.caririemacao.com\/1\/wp-json\/wp\/v2\/media?parent=154859"}],"wp:term":[{"taxonomy":"category","embeddable":true,"href":"https:\/\/www.caririemacao.com\/1\/wp-json\/wp\/v2\/categories?post=154859"},{"taxonomy":"post_tag","embeddable":true,"href":"https:\/\/www.caririemacao.com\/1\/wp-json\/wp\/v2\/tags?post=154859"}],"curies":[{"name":"wp","href":"https:\/\/api.w.org\/{rel}","templated":true}]}}