{"id":154872,"date":"2020-02-24T07:22:49","date_gmt":"2020-02-24T10:22:49","guid":{"rendered":"http:\/\/www.caririemacao.com\/1\/?p=154872"},"modified":"2020-02-24T07:22:51","modified_gmt":"2020-02-24T10:22:51","slug":"veja-concursos-e-selecoes-com-editais-publicados-na-pb-nesta-semana","status":"publish","type":"post","link":"https:\/\/www.caririemacao.com\/1\/2020\/02\/24\/veja-concursos-e-selecoes-com-editais-publicados-na-pb-nesta-semana\/","title":{"rendered":"Veja concursos e sele\u00e7\u00f5es com editais publicados na PB nesta semana"},"content":{"rendered":"\n<p>Pelo menos 1.093 vagas s\u00e3o oferecidas em seis editais de concursos e sele\u00e7\u00f5es publicados na Para\u00edba, nesta semana de 23 de fevereiro a 1\u00ba de mar\u00e7o.<\/p>\n\n\n\n<h2 class=\"wp-block-heading\"><a href=\"https:\/\/g1.globo.com\/pb\/paraiba\/noticia\/2020\/02\/18\/prefeitura-de-joao-pessoa-inscreve-em-processo-seletivo-com-mais-de-800-vagas-para-o-ortotrauma.ghtml\">Processo seletivo para o Ortotrauma de Mangabeira<\/a><\/h2>\n\n\n\n<p><strong>Vagas:<\/strong>&nbsp;824<\/p>\n\n\n\n<p><strong>N\u00edveis:<\/strong>&nbsp;m\u00e9dio, t\u00e9cnico e superior<\/p>\n\n\n\n<p><strong>Sal\u00e1rios:<\/strong>&nbsp;R$ 1.039 a R$ 7,5 mil<\/p>\n\n\n\n<p><strong>Prazo de inscri\u00e7\u00e3o:&nbsp;<\/strong>at\u00e9 quinta-feira (27)<\/p>\n\n\n\n<p><strong>Local de inscri\u00e7\u00e3o:&nbsp;<\/strong><a href=\"http:\/\/smsjpselecao.ddns.net\/\" target=\"_blank\" rel=\"noreferrer noopener\">p\u00e1gina criada no site da SMS<\/a><\/p>\n\n\n\n<p><strong>Taxas de inscri\u00e7\u00e3o:&nbsp;<\/strong>gratuitas<\/p>\n\n\n\n<p><strong>Provas:&nbsp;<\/strong>18 de abril<\/p>\n\n\n\n<p><a href=\"https:\/\/transparencia.joaopessoa.pb.gov.br\/#\/editais?id=251\" target=\"_blank\" rel=\"noreferrer noopener\">Edital do processo seletivo para o Ortotrauma de Mangabeira<\/a><\/p>\n\n\n\n<h2 class=\"wp-block-heading\"><a href=\"https:\/\/g1.globo.com\/pb\/paraiba\/noticia\/2020\/02\/14\/concurso-da-camara-municipal-de-mamanguape-pb-inscreve-ate-marco.ghtml\">Concurso da C\u00e2mara Municipal de Mamanguape<\/a><\/h2>\n\n\n\n<p><strong>Vagas:&nbsp;<\/strong>9<\/p>\n\n\n\n<p><strong>N\u00edveis:&nbsp;<\/strong>todos<\/p>\n\n\n\n<p><strong>Sal\u00e1rios:&nbsp;<\/strong>R$ 1,2 mil a R$ 3 mil<\/p>\n\n\n\n<p><strong>Prazo de inscri\u00e7\u00e3o:&nbsp;<\/strong>at\u00e9 domingo (1\u00ba)<\/p>\n\n\n\n<p><strong>Local de inscri\u00e7\u00e3o:<\/strong>&nbsp;<a href=\"http:\/\/www.idib.org.br\/Concurso.aspx?ID=186\" target=\"_blank\" rel=\"noreferrer noopener\">site da organizadora, Idib<\/a><\/p>\n\n\n\n<p><strong>Taxas de inscri\u00e7\u00e3o:&nbsp;<\/strong>R$ 70 (n\u00edvel fundamental), R$ 100 (n\u00edveis m\u00e9dio) e R$ 130 (n\u00edvel superior)<\/p>\n\n\n\n<p><strong>Provas:<\/strong>&nbsp;5 de abril<\/p>\n\n\n\n<p><a href=\"http:\/\/www.idib.org.br\/ConcursoDownloadArquivo.aspx?ID2=1&amp;ID=B4C6YOBICI5BFYU62XTV8KOC03REB1L77JRRB23NI5QYYS0Q8N1CPNWAG2171GM7R8NB56S9LDTFCD9A2880.pdf\" target=\"_blank\" rel=\"noreferrer noopener\">Edital do concurso da C\u00e2mara Municipal de Mamanguape<\/a><\/p>\n\n\n\n<h2 class=\"wp-block-heading\"><a href=\"https:\/\/g1.globo.com\/pb\/paraiba\/noticia\/2020\/01\/22\/divulgado-edital-no-concurso-de-sao-jose-da-lagoa-tapada-pb.ghtml\">Concurso da prefeitura de S\u00e3o Jos\u00e9 da Lagoa Tapada<\/a><\/h2>\n\n\n\n<p><strong>Vagas:<\/strong>&nbsp;23<\/p>\n\n\n\n<p><strong>N\u00edveis:&nbsp;<\/strong>m\u00e9dio, t\u00e9cnico e superior<\/p>\n\n\n\n<p><strong>Sal\u00e1rios:<\/strong>&nbsp;R$ 1.045 a R$ 5 mil<\/p>\n\n\n\n<p><strong>Prazo de inscri\u00e7\u00e3o:<\/strong>&nbsp;at\u00e9 13 de mar\u00e7o<\/p>\n\n\n\n<p><strong>Local de inscri\u00e7\u00e3o:&nbsp;<\/strong><a href=\"http:\/\/www.facetconcursos.com.br\/\" target=\"_blank\" rel=\"noreferrer noopener\">site da organizadora, Facet concursos<\/a><\/p>\n\n\n\n<p><strong>Taxas de inscri\u00e7\u00e3o:<\/strong>&nbsp;R$ 65,90 (m\u00e9dio e t\u00e9cnico) e R$ 90,50 (superior)<\/p>\n\n\n\n<p><strong>Provas:&nbsp;<\/strong>29 de mar\u00e7o<\/p>\n\n\n\n<p><a href=\"http:\/\/www.facetconcursos.com.br\/sjltapada\/edital.pdf\" target=\"_blank\" rel=\"noreferrer noopener\">Edital do concurso da prefeitura de S\u00e3o Jos\u00e9 da Lagoa Tapada<\/a><\/p>\n\n\n\n<h2 class=\"wp-block-heading\"><a href=\"https:\/\/g1.globo.com\/pb\/paraiba\/noticia\/2020\/01\/24\/divulgado-edital-do-concurso-da-prefeitura-de-mamanguape-pb.ghtml\">Concurso da prefeitura de Mamanguape<\/a><\/h2>\n\n\n\n<p><strong>Vagas:<\/strong>&nbsp;11<\/p>\n\n\n\n<p><strong>N\u00edvel:<\/strong>&nbsp;superior<\/p>\n\n\n\n<p><strong>Sal\u00e1rios:<\/strong>&nbsp;R$ 4 mil<\/p>\n\n\n\n<p><strong>Prazo de inscri\u00e7\u00e3o:&nbsp;<\/strong>at\u00e9 sexta-feira (28)<\/p>\n\n\n\n<p><strong>Local de inscri\u00e7\u00e3o:<\/strong>&nbsp;<a href=\"http:\/\/www.facetconcursos.com.br\/\" target=\"_blank\" rel=\"noreferrer noopener\">site da organizadora, Facet concursos<\/a><\/p>\n\n\n\n<p><strong>Taxas de inscri\u00e7\u00e3o:<\/strong>&nbsp;R$ 95<\/p>\n\n\n\n<p><strong>Provas:<\/strong>&nbsp;29 de mar\u00e7o<\/p>\n\n\n\n<p><a href=\"http:\/\/www.facetconcursos.com.br\/mamanguape\/edital.pdf\" target=\"_blank\" rel=\"noreferrer noopener\">Edital do concurso da prefeitura de Mamanguape<\/a><\/p>\n\n\n\n<h2 class=\"wp-block-heading\"><a href=\"https:\/\/g1.globo.com\/pb\/paraiba\/noticia\/2020\/02\/21\/edital-de-concurso-da-prefeitura-de-areial-na-pb-e-divulgado.ghtml\">Concurso da prefeitura de Areial<\/a><\/h2>\n\n\n\n<p><strong>Vagas:<\/strong>&nbsp;132<\/p>\n\n\n\n<p><strong>N\u00edveis:<\/strong>&nbsp;m\u00e9dio, m\u00e9dio\/t\u00e9cnico e superior<\/p>\n\n\n\n<p><strong>Sal\u00e1rios:<\/strong>&nbsp;R$ 1.045 a R$ 2.602,31<\/p>\n\n\n\n<p><strong>Prazo de inscri\u00e7\u00e3o:<\/strong>&nbsp;2 de mar\u00e7o a 2 de abril de 2020<\/p>\n\n\n\n<p><strong>Local de inscri\u00e7\u00e3o:<\/strong>&nbsp;<a href=\"https:\/\/cpcon.uepb.edu.br\/\" target=\"_blank\" rel=\"noreferrer noopener\">site da organizadora, Cpcon<\/a><\/p>\n\n\n\n<p><strong>Taxas de inscri\u00e7\u00e3o:&nbsp;<\/strong>R$ 65 (fundamental), R$ 85 (m\u00e9dio\/t\u00e9cnico) e R$ 105 (superior)<\/p>\n\n\n\n<p><strong>Provas:<\/strong>&nbsp;17 de maio de 2020<\/p>\n\n\n\n<p><a href=\"https:\/\/cpcon.uepb.edu.br\/concursos\/2020_PM_Areial\/Edital\/2020_pmareial_edital_normativo_n01_2020.pdf\" target=\"_blank\" rel=\"noreferrer noopener\">Edital do concurso da Prefeitura de Areial<\/a><\/p>\n\n\n\n<h2 class=\"wp-block-heading\"><a href=\"https:\/\/g1.globo.com\/pb\/paraiba\/noticia\/2020\/02\/21\/edital-de-concurso-da-prefeitura-de-jacarau-na-pb-e-divulgado.ghtml\">Concurso da prefeitura de Jacara\u00fa<\/a><\/h2>\n\n\n\n<p><strong>Vagas:<\/strong>&nbsp;94<\/p>\n\n\n\n<p><strong>N\u00edveis:<\/strong>&nbsp;m\u00e9dio, m\u00e9dio, m\u00e9dio\/t\u00e9cnico e superior<\/p>\n\n\n\n<p><strong>Sal\u00e1rios:&nbsp;<\/strong>R$ 1.045 a R$ 2.644,66<\/p>\n\n\n\n<p><strong>Prazo de inscri\u00e7\u00e3o:<\/strong>&nbsp;2 de mar\u00e7o a 2 de abril de 2020<\/p>\n\n\n\n<p><strong>Local de inscri\u00e7\u00e3o:<\/strong>&nbsp;<a href=\"https:\/\/cpcon.uepb.edu.br\/\" target=\"_blank\" rel=\"noreferrer noopener\">site da organizadora, Cpcon<\/a><\/p>\n\n\n\n<p><strong>Taxas de inscri\u00e7\u00e3o:<\/strong>&nbsp;R$ 65 (fundamental), R$ 85 (m\u00e9dio e m\u00e9dio\/t\u00e9cnico) e R$ 105 (superior)<\/p>\n\n\n\n<p><strong>Provas:&nbsp;<\/strong>17 de maio de 2020<\/p>\n\n\n\n<p><a href=\"https:\/\/cpcon.uepb.edu.br\/concursos\/2020_PM_Jacarau\/Edital\/2020_pmjacarau_edital_normativo_n01_2020.pdf\" target=\"_blank\" rel=\"noreferrer noopener\">Edital do concurso da Prefeitura de Jacara\u00fa<\/a><\/p>\n","protected":false},"excerpt":{"rendered":"<p>Pelo menos 1.093 vagas s\u00e3o oferecidas em seis editais de concursos e sele\u00e7\u00f5es publicados na Para\u00edba, nesta semana de 23 de fevereiro a 1\u00ba de&hellip; <\/p>\n","protected":false},"author":2,"featured_media":75898,"comment_status":"closed","ping_status":"closed","sticky":false,"template":"","format":"standard","meta":{"sfsi_plus_gutenberg_text_before_share":"","sfsi_plus_gutenberg_show_text_before_share":"","sfsi_plus_gutenberg_icon_type":"","sfsi_plus_gutenberg_icon_alignemt":"","sfsi_plus_gutenburg_max_per_row":"","footnotes":""},"categories":[6,50],"tags":[],"class_list":["post-154872","post","type-post","status-publish","format-standard","has-post-thumbnail","hentry","category-cidades","category-destaque"],"_links":{"self":[{"href":"https:\/\/www.caririemacao.com\/1\/wp-json\/wp\/v2\/posts\/154872","targetHints":{"allow":["GET"]}}],"collection":[{"href":"https:\/\/www.caririemacao.com\/1\/wp-json\/wp\/v2\/posts"}],"about":[{"href":"https:\/\/www.caririemacao.com\/1\/wp-json\/wp\/v2\/types\/post"}],"author":[{"embeddable":true,"href":"https:\/\/www.caririemacao.com\/1\/wp-json\/wp\/v2\/users\/2"}],"replies":[{"embeddable":true,"href":"https:\/\/www.caririemacao.com\/1\/wp-json\/wp\/v2\/comments?post=154872"}],"version-history":[{"count":1,"href":"https:\/\/www.caririemacao.com\/1\/wp-json\/wp\/v2\/posts\/154872\/revisions"}],"predecessor-version":[{"id":154875,"href":"https:\/\/www.caririemacao.com\/1\/wp-json\/wp\/v2\/posts\/154872\/revisions\/154875"}],"wp:featuredmedia":[{"embeddable":true,"href":"https:\/\/www.caririemacao.com\/1\/wp-json\/wp\/v2\/media\/75898"}],"wp:attachment":[{"href":"https:\/\/www.caririemacao.com\/1\/wp-json\/wp\/v2\/media?parent=154872"}],"wp:term":[{"taxonomy":"category","embeddable":true,"href":"https:\/\/www.caririemacao.com\/1\/wp-json\/wp\/v2\/categories?post=154872"},{"taxonomy":"post_tag","embeddable":true,"href":"https:\/\/www.caririemacao.com\/1\/wp-json\/wp\/v2\/tags?post=154872"}],"curies":[{"name":"wp","href":"https:\/\/api.w.org\/{rel}","templated":true}]}}