{"id":154901,"date":"2020-02-24T08:56:17","date_gmt":"2020-02-24T11:56:17","guid":{"rendered":"http:\/\/www.caririemacao.com\/1\/?p=154901"},"modified":"2020-02-24T08:56:19","modified_gmt":"2020-02-24T11:56:19","slug":"menores-infratores-sao-surpreendidos-pela-pm-ao-tentarem-furtar-pague-facil-em-monteiro","status":"publish","type":"post","link":"https:\/\/www.caririemacao.com\/1\/2020\/02\/24\/menores-infratores-sao-surpreendidos-pela-pm-ao-tentarem-furtar-pague-facil-em-monteiro\/","title":{"rendered":"Menores infratores s\u00e3o surpreendidos pela PM ao tentarem furtar Pague F\u00e1cil em Monteiro"},"content":{"rendered":"\n<p>Por volta das 23h45min do dia 23\/02\/2020 (domingo), a Central do Opera\u00e7\u00f5es da Policia Militar recebeu uma den\u00fancia do propriet\u00e1rio de um Pague F\u00e1cil, onde 03 elementos estavam tentando arrombar seu estabelecimento, pois madrugada do dia anterior os mesmos tentaram furtar a agencia arrombando a porta, por\u00e9m, o alarme tocou e os acusados fugiram, sendo que desta vez, os meliantes foram novamente desligando primeiro a energia, achando que assim o alarme n\u00e3o tocaria.<\/p>\n\n\n\n<p>Uma guarni\u00e7\u00e3o da For\u00e7a T\u00e1tica da Pol\u00edcia se dirigiu imediatamente para a ag\u00eancia que fica localizada na Rua dos Pereiros, na cidade de Monteiro-PB, e que ao chegarem, flagraram tr\u00eas menores, que j\u00e1 haviam desligado a energia e retirado um cadeado que trancava a porta de tr\u00e1s.<\/p>\n\n\n\n<p>Por se tratar de menores infratores, o conselho tutelar foi acionado para se fazer presente, a pol\u00edcia reviu as filmagens, que comprovou o ato il\u00edcito dos tr\u00eas violando o local para entrarem. Os menores foram apreendidos e conduzidos para a 14\u00aa Delegacia de Pol\u00edcia Civil, sendo autuados por furto qualificado. A participa\u00e7\u00e3o deles em outros atos infracionais na regi\u00e3o, dever\u00e1 ser investigada.<\/p>\n\n\n\n<p><em>Acusados<\/em><\/p>\n\n\n\n<ul class=\"wp-block-list\"><li>P. M. L. com (17) anos de idade<\/li><li>C. J. F. P.  com (17) anos de idade<\/li><li>G. L. A. com (17) anos de idade<\/li><\/ul>\n\n\n\n<p><em>V\u00edtima<\/em><br> Jos\u00e9 Widson Bezerra<\/p>\n","protected":false},"excerpt":{"rendered":"<p>Por volta das 23h45min do dia 23\/02\/2020 (domingo), a Central do Opera\u00e7\u00f5es da Policia Militar recebeu uma den\u00fancia do propriet\u00e1rio de um Pague F\u00e1cil, onde&hellip; <\/p>\n","protected":false},"author":1,"featured_media":15928,"comment_status":"closed","ping_status":"closed","sticky":false,"template":"","format":"standard","meta":{"sfsi_plus_gutenberg_text_before_share":"","sfsi_plus_gutenberg_show_text_before_share":"","sfsi_plus_gutenberg_icon_type":"","sfsi_plus_gutenberg_icon_alignemt":"","sfsi_plus_gutenburg_max_per_row":"","footnotes":""},"categories":[50,12],"tags":[],"class_list":["post-154901","post","type-post","status-publish","format-standard","has-post-thumbnail","hentry","category-destaque","category-policia"],"_links":{"self":[{"href":"https:\/\/www.caririemacao.com\/1\/wp-json\/wp\/v2\/posts\/154901","targetHints":{"allow":["GET"]}}],"collection":[{"href":"https:\/\/www.caririemacao.com\/1\/wp-json\/wp\/v2\/posts"}],"about":[{"href":"https:\/\/www.caririemacao.com\/1\/wp-json\/wp\/v2\/types\/post"}],"author":[{"embeddable":true,"href":"https:\/\/www.caririemacao.com\/1\/wp-json\/wp\/v2\/users\/1"}],"replies":[{"embeddable":true,"href":"https:\/\/www.caririemacao.com\/1\/wp-json\/wp\/v2\/comments?post=154901"}],"version-history":[{"count":1,"href":"https:\/\/www.caririemacao.com\/1\/wp-json\/wp\/v2\/posts\/154901\/revisions"}],"predecessor-version":[{"id":154907,"href":"https:\/\/www.caririemacao.com\/1\/wp-json\/wp\/v2\/posts\/154901\/revisions\/154907"}],"wp:featuredmedia":[{"embeddable":true,"href":"https:\/\/www.caririemacao.com\/1\/wp-json\/wp\/v2\/media\/15928"}],"wp:attachment":[{"href":"https:\/\/www.caririemacao.com\/1\/wp-json\/wp\/v2\/media?parent=154901"}],"wp:term":[{"taxonomy":"category","embeddable":true,"href":"https:\/\/www.caririemacao.com\/1\/wp-json\/wp\/v2\/categories?post=154901"},{"taxonomy":"post_tag","embeddable":true,"href":"https:\/\/www.caririemacao.com\/1\/wp-json\/wp\/v2\/tags?post=154901"}],"curies":[{"name":"wp","href":"https:\/\/api.w.org\/{rel}","templated":true}]}}