{"id":154909,"date":"2020-02-24T08:58:12","date_gmt":"2020-02-24T11:58:12","guid":{"rendered":"http:\/\/www.caririemacao.com\/1\/?p=154909"},"modified":"2020-02-24T08:58:14","modified_gmt":"2020-02-24T11:58:14","slug":"homem-e-esfaqueado-apos-discussao-em-praca-central-na-regiao-do-cariri","status":"publish","type":"post","link":"https:\/\/www.caririemacao.com\/1\/2020\/02\/24\/homem-e-esfaqueado-apos-discussao-em-praca-central-na-regiao-do-cariri\/","title":{"rendered":"Homem \u00e9 esfaqueado ap\u00f3s discuss\u00e3o em pra\u00e7a central na regi\u00e3o do Cariri"},"content":{"rendered":"\n<p>Neste domingo(23) uma tentativa de homic\u00eddio foi registrada em plena a pra\u00e7a central na cidade de Zabel\u00ea, Cariri da Para\u00edba.<\/p>\n\n\n\n<p>Segundo informa\u00e7\u00f5es repassadas pela Pol\u00edcia Militar, um homem identificado por Celso da Silva Nunes, 23 anos, foi esfaqueado ap\u00f3s uma discuss\u00e3o motivada por desaven\u00e7as entre os dois. O acusado de ter esfaqueado a vitima foi identificado por Aron Isaac Monteiro Barcelar e ap\u00f3s ter cometido a a\u00e7\u00e3o, fugiu do local.<\/p>\n\n\n\n<p>Celso ficou bastante ferido e foi socorrido para o Hospital de Monteiro e logo em seguida, transferido para o Hospital de Emerg\u00eancia e Trauma de Campina Grande.<\/p>\n\n\n\n<p>J\u00e1 Aron Isaac ainda se encontra foragido e a policia realiza dilig\u00eancias no sentido de localizar e prender o acusado.<\/p>\n\n\n\n<p><strong>De Olho no Cariri<\/strong><\/p>\n","protected":false},"excerpt":{"rendered":"<p>Neste domingo(23) uma tentativa de homic\u00eddio foi registrada em plena a pra\u00e7a central na cidade de Zabel\u00ea, Cariri da Para\u00edba. Segundo informa\u00e7\u00f5es repassadas pela Pol\u00edcia&hellip; <\/p>\n","protected":false},"author":2,"featured_media":154910,"comment_status":"closed","ping_status":"closed","sticky":false,"template":"","format":"standard","meta":{"sfsi_plus_gutenberg_text_before_share":"","sfsi_plus_gutenberg_show_text_before_share":"","sfsi_plus_gutenberg_icon_type":"","sfsi_plus_gutenberg_icon_alignemt":"","sfsi_plus_gutenburg_max_per_row":"","footnotes":""},"categories":[12],"tags":[],"class_list":["post-154909","post","type-post","status-publish","format-standard","has-post-thumbnail","hentry","category-policia"],"_links":{"self":[{"href":"https:\/\/www.caririemacao.com\/1\/wp-json\/wp\/v2\/posts\/154909","targetHints":{"allow":["GET"]}}],"collection":[{"href":"https:\/\/www.caririemacao.com\/1\/wp-json\/wp\/v2\/posts"}],"about":[{"href":"https:\/\/www.caririemacao.com\/1\/wp-json\/wp\/v2\/types\/post"}],"author":[{"embeddable":true,"href":"https:\/\/www.caririemacao.com\/1\/wp-json\/wp\/v2\/users\/2"}],"replies":[{"embeddable":true,"href":"https:\/\/www.caririemacao.com\/1\/wp-json\/wp\/v2\/comments?post=154909"}],"version-history":[{"count":1,"href":"https:\/\/www.caririemacao.com\/1\/wp-json\/wp\/v2\/posts\/154909\/revisions"}],"predecessor-version":[{"id":154911,"href":"https:\/\/www.caririemacao.com\/1\/wp-json\/wp\/v2\/posts\/154909\/revisions\/154911"}],"wp:featuredmedia":[{"embeddable":true,"href":"https:\/\/www.caririemacao.com\/1\/wp-json\/wp\/v2\/media\/154910"}],"wp:attachment":[{"href":"https:\/\/www.caririemacao.com\/1\/wp-json\/wp\/v2\/media?parent=154909"}],"wp:term":[{"taxonomy":"category","embeddable":true,"href":"https:\/\/www.caririemacao.com\/1\/wp-json\/wp\/v2\/categories?post=154909"},{"taxonomy":"post_tag","embeddable":true,"href":"https:\/\/www.caririemacao.com\/1\/wp-json\/wp\/v2\/tags?post=154909"}],"curies":[{"name":"wp","href":"https:\/\/api.w.org\/{rel}","templated":true}]}}