{"id":154915,"date":"2020-02-24T09:07:11","date_gmt":"2020-02-24T12:07:11","guid":{"rendered":"http:\/\/www.caririemacao.com\/1\/?p=154915"},"modified":"2020-02-24T09:07:14","modified_gmt":"2020-02-24T12:07:14","slug":"previsao-do-tempo-para-esta-segunda-feira-em-toda-paraiba-28","status":"publish","type":"post","link":"https:\/\/www.caririemacao.com\/1\/2020\/02\/24\/previsao-do-tempo-para-esta-segunda-feira-em-toda-paraiba-28\/","title":{"rendered":"Previs\u00e3o do tempo para esta segunda-feira em toda Para\u00edba"},"content":{"rendered":"\n<p>Mant\u00e9m-se a redu\u00e7\u00e3o da nebulosidade sobre o setor leste paraibano. No decorrer do dia, dever\u00e3o ocorrer chuvas localizadas nas regi\u00f5es do Sert\u00e3o e Alto Sert\u00e3o. Nas demais regi\u00f5es, o sol predomina e apenas eventos passageiros poder\u00e3o ser registrados.<\/p>\n\n\n\n<div class=\"wp-block-image\"><figure class=\"aligncenter\"><img decoding=\"async\" data-src=\"https:\/\/paraibaonline.com.br\/wp-content\/uploads\/2020\/02\/tempo2402.jpg\" alt=\"Para\u00edba Online \u2022 Previs\u00e3o do tempo para esta segunda-feira em toda Para\u00edba\" class=\"wp-image-839272 lazyload\" src=\"data:image\/svg+xml;base64,PHN2ZyB3aWR0aD0iMSIgaGVpZ2h0PSIxIiB4bWxucz0iaHR0cDovL3d3dy53My5vcmcvMjAwMC9zdmciPjwvc3ZnPg==\" \/><\/figure><\/div>\n\n\n\n<p>*Fonte: Aesa<\/p>\n","protected":false},"excerpt":{"rendered":"<p>Mant\u00e9m-se a redu\u00e7\u00e3o da nebulosidade sobre o setor leste paraibano. No decorrer do dia, dever\u00e3o ocorrer chuvas localizadas nas regi\u00f5es do Sert\u00e3o e Alto Sert\u00e3o.&hellip; <\/p>\n","protected":false},"author":2,"featured_media":154918,"comment_status":"closed","ping_status":"closed","sticky":false,"template":"","format":"standard","meta":{"sfsi_plus_gutenberg_text_before_share":"","sfsi_plus_gutenberg_show_text_before_share":"","sfsi_plus_gutenberg_icon_type":"","sfsi_plus_gutenberg_icon_alignemt":"","sfsi_plus_gutenburg_max_per_row":"","footnotes":""},"categories":[6],"tags":[],"class_list":["post-154915","post","type-post","status-publish","format-standard","has-post-thumbnail","hentry","category-cidades"],"_links":{"self":[{"href":"https:\/\/www.caririemacao.com\/1\/wp-json\/wp\/v2\/posts\/154915","targetHints":{"allow":["GET"]}}],"collection":[{"href":"https:\/\/www.caririemacao.com\/1\/wp-json\/wp\/v2\/posts"}],"about":[{"href":"https:\/\/www.caririemacao.com\/1\/wp-json\/wp\/v2\/types\/post"}],"author":[{"embeddable":true,"href":"https:\/\/www.caririemacao.com\/1\/wp-json\/wp\/v2\/users\/2"}],"replies":[{"embeddable":true,"href":"https:\/\/www.caririemacao.com\/1\/wp-json\/wp\/v2\/comments?post=154915"}],"version-history":[{"count":1,"href":"https:\/\/www.caririemacao.com\/1\/wp-json\/wp\/v2\/posts\/154915\/revisions"}],"predecessor-version":[{"id":154919,"href":"https:\/\/www.caririemacao.com\/1\/wp-json\/wp\/v2\/posts\/154915\/revisions\/154919"}],"wp:featuredmedia":[{"embeddable":true,"href":"https:\/\/www.caririemacao.com\/1\/wp-json\/wp\/v2\/media\/154918"}],"wp:attachment":[{"href":"https:\/\/www.caririemacao.com\/1\/wp-json\/wp\/v2\/media?parent=154915"}],"wp:term":[{"taxonomy":"category","embeddable":true,"href":"https:\/\/www.caririemacao.com\/1\/wp-json\/wp\/v2\/categories?post=154915"},{"taxonomy":"post_tag","embeddable":true,"href":"https:\/\/www.caririemacao.com\/1\/wp-json\/wp\/v2\/tags?post=154915"}],"curies":[{"name":"wp","href":"https:\/\/api.w.org\/{rel}","templated":true}]}}