{"id":154938,"date":"2020-02-24T09:53:44","date_gmt":"2020-02-24T12:53:44","guid":{"rendered":"http:\/\/www.caririemacao.com\/1\/?p=154938"},"modified":"2020-02-24T09:53:46","modified_gmt":"2020-02-24T12:53:46","slug":"cezinha-e-gil-camargo-animaram-o-domingo-de-carnaval-em-caraubas","status":"publish","type":"post","link":"https:\/\/www.caririemacao.com\/1\/2020\/02\/24\/cezinha-e-gil-camargo-animaram-o-domingo-de-carnaval-em-caraubas\/","title":{"rendered":"Cezinha e Gil Camargo animaram o domingo de Carnaval em Cara\u00fabas"},"content":{"rendered":"\n<p>O domingo de Carnaval na cidade de Cara\u00fabas foi animado com a participa\u00e7\u00e3o de tr\u00eas atra\u00e7\u00f5es: Cezinha, Feiti\u00e7o de Menina e Gil Camargo.<\/p>\n\n\n\n<figure class=\"wp-block-image size-large\"><img fetchpriority=\"high\" decoding=\"async\" width=\"960\" height=\"635\" src=\"http:\/\/www.caririemacao.com\/1\/wp-content\/uploads\/2020\/02\/87392047_1818427031626645_8287834546678792192_o.jpg\" alt=\"\" class=\"wp-image-154941\" srcset=\"https:\/\/www.caririemacao.com\/1\/wp-content\/uploads\/2020\/02\/87392047_1818427031626645_8287834546678792192_o.jpg 960w, https:\/\/www.caririemacao.com\/1\/wp-content\/uploads\/2020\/02\/87392047_1818427031626645_8287834546678792192_o-300x198.jpg 300w, https:\/\/www.caririemacao.com\/1\/wp-content\/uploads\/2020\/02\/87392047_1818427031626645_8287834546678792192_o-768x508.jpg 768w\" sizes=\"(max-width: 960px) 100vw, 960px\" \/><\/figure>\n\n\n\n<p>O segundo dia de carnaval contou com participa\u00e7\u00e3o de um\ngrande p\u00fablico e a presen\u00e7a do prefeito Silvano e v\u00e1rias lideran\u00e7as da cidade.<\/p>\n\n\n\n<p>A programa\u00e7\u00e3o continua nesta segunda-feira, dia 24. Na Pra\u00e7a\nde eventos cantam Alisson Levado e Gil Camargo. J\u00e1 no distrito de Barreiras\nser\u00e1 realizado pela primeira vez, o Carnaval de Barreiras. No distrito cantam Gil\nCamargo e Orquestra de Frevo.<\/p>\n\n\n\n<p><strong><a href=\"https:\/\/www.facebook.com\/pg\/CaririEmAcao\/photos\/?tab=album&amp;album_id=1818424314960250\">VEJA TODAS AS FOTOS DO DOMINGO DE CARNAVAL. CLIQUE AQUI.<\/a><\/strong><\/p>\n\n\n\n<p>Confira abaixo a programa\u00e7\u00e3o dos pr\u00f3ximos dias de Carnaval\nna cidade:<\/p>\n\n\n\n<p>24\/02 <\/p>\n\n\n\n<p><strong>Pra\u00e7a\nP\u00fablica<\/strong>&nbsp;\u2013 Alisson Levado e Gil Camargo<\/p>\n\n\n\n<p><strong>Distrito\nde Barreiras<\/strong><\/p>\n\n\n\n<ul class=\"wp-block-list\"><li>Gil Camargo<\/li><li>Orquestra de Frevo<\/li><\/ul>\n\n\n\n<p>25\/02 \u2013 Bira El\u00e9trico e Gil Camargo<\/p>\n\n\n\n<figure class=\"wp-block-embed\"><div class=\"wp-block-embed__wrapper\">\n<div class=\"ose- ose-uid-eb5a94d5fab1003bf84f08af35a39b34 ose-embedpress-responsive\" style=\"width:600px; height:550px; max-height:550px; max-width:100%; display:inline-block;\" data-embed-type=\"Facebook\"><iframe allowFullScreen=\"true\" class=\"embera-facebook-iframe-8ea9b lazyload\" data-src=\"https:\/\/www.facebook.com\/plugins\/post.php?href=https%3A%2F%2Fwww.facebook.com%2Fpg%2FCaririEmAcao%2Fphotos%2F%3Ftab%3Dalbum%26%23038%3Balbum_id%3D1818424314960250&width=600&height=550&show_text=true\" width=\"600\" height=\"550\" style=\"border:none;overflow:hidden\" scrolling=\"no\" frameborder=\"0\" allowTransparency=\"true\" src=\"data:image\/svg+xml;base64,PHN2ZyB3aWR0aD0iMSIgaGVpZ2h0PSIxIiB4bWxucz0iaHR0cDovL3d3dy53My5vcmcvMjAwMC9zdmciPjwvc3ZnPg==\" data-load-mode=\"1\"><\/iframe><\/div>\n<\/div><\/figure>\n","protected":false},"excerpt":{"rendered":"<p>O domingo de Carnaval na cidade de Cara\u00fabas foi animado com a participa\u00e7\u00e3o de tr\u00eas atra\u00e7\u00f5es: Cezinha, Feiti\u00e7o de Menina e Gil Camargo. O segundo&hellip; <\/p>\n","protected":false},"author":1,"featured_media":154940,"comment_status":"closed","ping_status":"closed","sticky":false,"template":"","format":"standard","meta":{"sfsi_plus_gutenberg_text_before_share":"","sfsi_plus_gutenberg_show_text_before_share":"","sfsi_plus_gutenberg_icon_type":"","sfsi_plus_gutenberg_icon_alignemt":"","sfsi_plus_gutenburg_max_per_row":"","footnotes":""},"categories":[6,50],"tags":[],"class_list":["post-154938","post","type-post","status-publish","format-standard","has-post-thumbnail","hentry","category-cidades","category-destaque"],"_links":{"self":[{"href":"https:\/\/www.caririemacao.com\/1\/wp-json\/wp\/v2\/posts\/154938","targetHints":{"allow":["GET"]}}],"collection":[{"href":"https:\/\/www.caririemacao.com\/1\/wp-json\/wp\/v2\/posts"}],"about":[{"href":"https:\/\/www.caririemacao.com\/1\/wp-json\/wp\/v2\/types\/post"}],"author":[{"embeddable":true,"href":"https:\/\/www.caririemacao.com\/1\/wp-json\/wp\/v2\/users\/1"}],"replies":[{"embeddable":true,"href":"https:\/\/www.caririemacao.com\/1\/wp-json\/wp\/v2\/comments?post=154938"}],"version-history":[{"count":1,"href":"https:\/\/www.caririemacao.com\/1\/wp-json\/wp\/v2\/posts\/154938\/revisions"}],"predecessor-version":[{"id":154942,"href":"https:\/\/www.caririemacao.com\/1\/wp-json\/wp\/v2\/posts\/154938\/revisions\/154942"}],"wp:featuredmedia":[{"embeddable":true,"href":"https:\/\/www.caririemacao.com\/1\/wp-json\/wp\/v2\/media\/154940"}],"wp:attachment":[{"href":"https:\/\/www.caririemacao.com\/1\/wp-json\/wp\/v2\/media?parent=154938"}],"wp:term":[{"taxonomy":"category","embeddable":true,"href":"https:\/\/www.caririemacao.com\/1\/wp-json\/wp\/v2\/categories?post=154938"},{"taxonomy":"post_tag","embeddable":true,"href":"https:\/\/www.caririemacao.com\/1\/wp-json\/wp\/v2\/tags?post=154938"}],"curies":[{"name":"wp","href":"https:\/\/api.w.org\/{rel}","templated":true}]}}