{"id":154951,"date":"2020-02-24T10:03:41","date_gmt":"2020-02-24T13:03:41","guid":{"rendered":"http:\/\/www.caririemacao.com\/1\/?p=154951"},"modified":"2020-02-24T10:03:42","modified_gmt":"2020-02-24T13:03:42","slug":"joao-azevedo-afirma-que-ha-conotacao-politica-no-movimento-da-policia-militar","status":"publish","type":"post","link":"https:\/\/www.caririemacao.com\/1\/2020\/02\/24\/joao-azevedo-afirma-que-ha-conotacao-politica-no-movimento-da-policia-militar\/","title":{"rendered":"Jo\u00e3o Azev\u00eado afirma que h\u00e1 conota\u00e7\u00e3o pol\u00edtica no movimento da Pol\u00edcia Militar"},"content":{"rendered":"\n<p>O governador da Para\u00edba, Jo\u00e3o Azev\u00eado, afirmou em entrevista publicada nesta segunda-feira (24) pelo&nbsp;<a href=\"https:\/\/politica.estadao.com.br\/noticias\/geral,ha-forte-conotacao-politica-no-movimento-dos-pms-diz-governador-da-paraiba,70003208530\">Estad\u00e3o<\/a>, que h\u00e1 forte conota\u00e7\u00e3o pol\u00edtica no movimento dos policiais militares. Na sexta-feira passada (21), a negocia\u00e7\u00e3o entre os PM paraibanos e o governador entrou pela madrugada, sem que eles aceitassem a proposta de reajuste de 5% acima da infla\u00e7\u00e3o.<\/p>\n\n\n\n<p>Azev\u00eado disse ao Estad\u00e3o que dois deputados estaduais sa\u00eddos da pol\u00edcia, eleitos na esteira do bolsonarismo e que j\u00e1 anunciaram suas pr\u00e9-candidaturas \u00e0 prefeitura de Jo\u00e3o Pessoa, infiltraram-se no movimento com objetivo pol\u00edtico-eleitoral. Segundo ele, se cedesse \u00e0s reivindica\u00e7\u00f5es, o Estado ficaria sem dinheiro para a folha de pagamento e seria obrigado a descumprir a Lei de Responsabilidade Fiscal e a interromper servi\u00e7os e obras.<\/p>\n\n\n\n<p>&#8220;O que observamos na Para\u00edba, assim como em outros Estados, \u00e9 a forte conota\u00e7\u00e3o pol\u00edtica e at\u00e9 eleitoreira verificada nesses movimentos. Porque uma coisa \u00e9 a reivindica\u00e7\u00e3o leg\u00edtima de uma categoria que arrisca suas vidas para proteger a sociedade, mas outra \u00e9 a radicaliza\u00e7\u00e3o exacerbada de pessoas que apostam no caos, no quanto pior, melhor para atingir seus objetivos pol\u00edticos e eleitorais j\u00e1 este ano&#8221;, avaliou o governador.<\/p>\n","protected":false},"excerpt":{"rendered":"<p>O governador da Para\u00edba, Jo\u00e3o Azev\u00eado, afirmou em entrevista publicada nesta segunda-feira (24) pelo&nbsp;Estad\u00e3o, que h\u00e1 forte conota\u00e7\u00e3o pol\u00edtica no movimento dos policiais militares. Na&hellip; <\/p>\n","protected":false},"author":2,"featured_media":152735,"comment_status":"closed","ping_status":"closed","sticky":false,"template":"","format":"standard","meta":{"sfsi_plus_gutenberg_text_before_share":"","sfsi_plus_gutenberg_show_text_before_share":"","sfsi_plus_gutenberg_icon_type":"","sfsi_plus_gutenberg_icon_alignemt":"","sfsi_plus_gutenburg_max_per_row":"","footnotes":""},"categories":[11],"tags":[],"class_list":["post-154951","post","type-post","status-publish","format-standard","has-post-thumbnail","hentry","category-politica"],"_links":{"self":[{"href":"https:\/\/www.caririemacao.com\/1\/wp-json\/wp\/v2\/posts\/154951","targetHints":{"allow":["GET"]}}],"collection":[{"href":"https:\/\/www.caririemacao.com\/1\/wp-json\/wp\/v2\/posts"}],"about":[{"href":"https:\/\/www.caririemacao.com\/1\/wp-json\/wp\/v2\/types\/post"}],"author":[{"embeddable":true,"href":"https:\/\/www.caririemacao.com\/1\/wp-json\/wp\/v2\/users\/2"}],"replies":[{"embeddable":true,"href":"https:\/\/www.caririemacao.com\/1\/wp-json\/wp\/v2\/comments?post=154951"}],"version-history":[{"count":1,"href":"https:\/\/www.caririemacao.com\/1\/wp-json\/wp\/v2\/posts\/154951\/revisions"}],"predecessor-version":[{"id":154952,"href":"https:\/\/www.caririemacao.com\/1\/wp-json\/wp\/v2\/posts\/154951\/revisions\/154952"}],"wp:featuredmedia":[{"embeddable":true,"href":"https:\/\/www.caririemacao.com\/1\/wp-json\/wp\/v2\/media\/152735"}],"wp:attachment":[{"href":"https:\/\/www.caririemacao.com\/1\/wp-json\/wp\/v2\/media?parent=154951"}],"wp:term":[{"taxonomy":"category","embeddable":true,"href":"https:\/\/www.caririemacao.com\/1\/wp-json\/wp\/v2\/categories?post=154951"},{"taxonomy":"post_tag","embeddable":true,"href":"https:\/\/www.caririemacao.com\/1\/wp-json\/wp\/v2\/tags?post=154951"}],"curies":[{"name":"wp","href":"https:\/\/api.w.org\/{rel}","templated":true}]}}