{"id":154956,"date":"2020-02-24T12:43:03","date_gmt":"2020-02-24T15:43:03","guid":{"rendered":"http:\/\/www.caririemacao.com\/1\/?p=154956"},"modified":"2020-02-24T12:43:04","modified_gmt":"2020-02-24T15:43:04","slug":"vereador-duda-barnabe-nega-boatos-e-segue-firme-ao-lado-do-prefeito-inacio-nobrega-nas-eleicoes-2020","status":"publish","type":"post","link":"https:\/\/www.caririemacao.com\/1\/2020\/02\/24\/vereador-duda-barnabe-nega-boatos-e-segue-firme-ao-lado-do-prefeito-inacio-nobrega-nas-eleicoes-2020\/","title":{"rendered":"Vereador Duda Barnab\u00e9 nega boatos e segue firme ao lado do Prefeito In\u00e1cio N\u00f3brega nas elei\u00e7\u00f5es 2020"},"content":{"rendered":"\n<p>Durante a semana espalhou-se boatos que o Vereador Duda Barnab\u00e9 estaria ao lado da oposi\u00e7\u00e3o nas elei\u00e7\u00f5es de 2020. Os boatos iniciaram ap\u00f3s o vereador ser fotografado junto a correligion\u00e1rios opositores na sess\u00e3o na C\u00e2mara de Vereadores de Amparo na ultima quinta-feira (20).<br>\u201cPedi para sair na foto como forma de brincar com os colegas, tenho uma forte amizade com todos que estavam na sess\u00e3o e n\u00e3o iria deixar de brincar com eles por conta de politica.\u201d<br>O Vereador Duda, tamb\u00e9m criticou a atitude de alguns amigos que compartilharam a foto e falaram que ele estaria ao lado da oposi\u00e7\u00e3o na elei\u00e7\u00e3o municipal.<br>\u201cEm nenhum momento eu falei que estava ao lado da oposi\u00e7\u00e3o nas elei\u00e7\u00f5es de 2020, sigo firme e forte ao lado do Prefeito In\u00e1cio N\u00f3brega e confio muito no trabalho dele, tenho certeza que ele \u00e9 a pessoa certa pra governar nossa cidade por mais 4 anos.\u201d<br>Amparo Ligado<\/p>\n","protected":false},"excerpt":{"rendered":"<p>Durante a semana espalhou-se boatos que o Vereador Duda Barnab\u00e9 estaria ao lado da oposi\u00e7\u00e3o nas elei\u00e7\u00f5es de 2020. Os boatos iniciaram ap\u00f3s o vereador&hellip; <\/p>\n","protected":false},"author":2,"featured_media":154957,"comment_status":"closed","ping_status":"closed","sticky":false,"template":"","format":"standard","meta":{"sfsi_plus_gutenberg_text_before_share":"","sfsi_plus_gutenberg_show_text_before_share":"","sfsi_plus_gutenberg_icon_type":"","sfsi_plus_gutenberg_icon_alignemt":"","sfsi_plus_gutenburg_max_per_row":"","footnotes":""},"categories":[6],"tags":[],"class_list":["post-154956","post","type-post","status-publish","format-standard","has-post-thumbnail","hentry","category-cidades"],"_links":{"self":[{"href":"https:\/\/www.caririemacao.com\/1\/wp-json\/wp\/v2\/posts\/154956","targetHints":{"allow":["GET"]}}],"collection":[{"href":"https:\/\/www.caririemacao.com\/1\/wp-json\/wp\/v2\/posts"}],"about":[{"href":"https:\/\/www.caririemacao.com\/1\/wp-json\/wp\/v2\/types\/post"}],"author":[{"embeddable":true,"href":"https:\/\/www.caririemacao.com\/1\/wp-json\/wp\/v2\/users\/2"}],"replies":[{"embeddable":true,"href":"https:\/\/www.caririemacao.com\/1\/wp-json\/wp\/v2\/comments?post=154956"}],"version-history":[{"count":1,"href":"https:\/\/www.caririemacao.com\/1\/wp-json\/wp\/v2\/posts\/154956\/revisions"}],"predecessor-version":[{"id":154958,"href":"https:\/\/www.caririemacao.com\/1\/wp-json\/wp\/v2\/posts\/154956\/revisions\/154958"}],"wp:featuredmedia":[{"embeddable":true,"href":"https:\/\/www.caririemacao.com\/1\/wp-json\/wp\/v2\/media\/154957"}],"wp:attachment":[{"href":"https:\/\/www.caririemacao.com\/1\/wp-json\/wp\/v2\/media?parent=154956"}],"wp:term":[{"taxonomy":"category","embeddable":true,"href":"https:\/\/www.caririemacao.com\/1\/wp-json\/wp\/v2\/categories?post=154956"},{"taxonomy":"post_tag","embeddable":true,"href":"https:\/\/www.caririemacao.com\/1\/wp-json\/wp\/v2\/tags?post=154956"}],"curies":[{"name":"wp","href":"https:\/\/api.w.org\/{rel}","templated":true}]}}