{"id":154959,"date":"2020-02-24T12:46:54","date_gmt":"2020-02-24T15:46:54","guid":{"rendered":"http:\/\/www.caririemacao.com\/1\/?p=154959"},"modified":"2020-02-24T12:46:55","modified_gmt":"2020-02-24T15:46:55","slug":"empresario-e-preso-suspeito-de-torturar-empregado-que-ele-pensou-ter-furtado-dinheiro","status":"publish","type":"post","link":"https:\/\/www.caririemacao.com\/1\/2020\/02\/24\/empresario-e-preso-suspeito-de-torturar-empregado-que-ele-pensou-ter-furtado-dinheiro\/","title":{"rendered":"Empres\u00e1rio \u00e9 preso suspeito de torturar empregado que ele pensou ter furtado dinheiro"},"content":{"rendered":"\n<p>Um empres\u00e1rio foi preso em flagrante suspeito de torturar um funcion\u00e1rio, em Aparecida de Goi\u00e2nia, Regi\u00e3o Metropolitana de Goi\u00e2nia, em Goi\u00e1s. Segundo a Pol\u00edcia Civil, o homem acusou a v\u00edtima, de 32 anos, de furtar R$ 8 mil dele. O empregado, que nega as acusa\u00e7\u00f5es, relatou que foi agredido por cerca de 4h, por pouco n\u00e3o foi eletrocutado, ficou com v\u00e1rios hematomas pelo corpo e at\u00e9 foi amea\u00e7ado de morte.<\/p>\n\n\n\n<p>O crime aconteceu no s\u00e1bado (23), na casa do suspeito, no Jardim Floren\u00e7a. Segundo o boletim de ocorr\u00eancia, \u00e0s 15h05, o empres\u00e1rio esteve na delegacia para registrar uma ocorr\u00eancia de furto contra o empregado. Alegou que o homem confessou ter pego o dinheiro e gastado por completo.<\/p>\n\n\n\n<p>No entanto, \u00e0s 22h, o empregado \u00e9 quem foi a delegacia para relatar a sess\u00e3o de tortura. Narrou que n\u00e3o pegou o dinheiro, mas &#8220;porque n\u00e3o suportava mais apanhar&#8221;, resolveu confessar.<\/p>\n\n\n\n<p>Diante das les\u00f5es sofridas, a pol\u00edcia entendeu que tratava-se de crime de tortura e foi at\u00e9 a casa dele. Conforme a ocorr\u00eancia, ele confessou as agress\u00f5es &#8220;com o intuito de fazer a v\u00edtima confessar o furto&#8221;. Ele foi preso em seguida.<\/p>\n\n\n\n<p>O G1 n\u00e3o conseguiu localizar a defesa do empres\u00e1rio at\u00e9 a publica\u00e7\u00e3o desta reportagem.<\/p>\n\n\n\n<p><strong>Tortura<br><\/strong><\/p>\n\n\n\n<p>A v\u00edtima, que prefere n\u00e3o se identificar, afirma que na sexta-feira (24), ap\u00f3s o expediente, o empres\u00e1rio chamou ele e outro funcion\u00e1rio para conversar.<\/p>\n\n\n\n<p>&#8220;Ele disse que tinha sumido R$ 8 mil que estava dentro de uma caixa, na estante da casa dele, e que tinha sido um de n\u00f3s dois porque t\u00ednhamos trabalhado na casa dele na semana passada&#8221;, disse ao G1.<\/p>\n\n\n\n<p>No entanto, os dois funcion\u00e1rios negaram. No dia seguinte, pela manh\u00e3, o homem conta que o patr\u00e3o apareceu em sua casa e o chamou para ir at\u00e9 a sua casa novamente para conversar. Ele conta que assim que entraram no im\u00f3vel come\u00e7ou uma sess\u00e3o de tortura.<\/p>\n\n\n\n<p>&#8220;Assim que passamos para dentro, ele come\u00e7ou a me dar tapa na cara. Dizia: &#8216;Eu sei que voc\u00ea pegou o dinheiro, voc\u00ea \u00e9 safado&#8217;. Eu neguei. Ent\u00e3o come\u00e7ou a dar chute, soco, paulada, golpe com barra de ferro&#8221;, contou.<\/p>\n\n\n\n<p><strong>Choque<br><\/strong><\/p>\n\n\n\n<p>O trabalhador alega tamb\u00e9m que o patr\u00e3o amarrou uma corda em seu pesco\u00e7o e tentou enforc\u00e1-lo. Em seguida, bateu com o objeto nele, mesmo ato cometido com uma mangueira. Como ele sempre negava, o suspeito resolveu intensificar a tortura, com amea\u00e7as de choque e morte.<\/p>\n\n\n\n<p>&#8220;Ele falava: &#8216;confessa sen\u00e3o eu vou te matar&#8217;. Eu estava quase desmaiado e ele ligou uma torneira e me molhou todo com uma mangueira. Depois pegou dois fios e ligou no padr\u00e3o de energia da casa dele falando que ia me dar um choque&#8221;, conta.<\/p>\n\n\n\n<p>Nesse momento, segundo o empregado, exclusivamente com o intuito de cessar as agress\u00f5es e um poss\u00edvel choque, ele disse que assumiu ter pego o dinheiro.<\/p>\n\n\n\n<p>A v\u00edtima ent\u00e3o conta que foi obrigada a se secar, p\u00f4r outra roupa e ir at\u00e9 sua casa para pegar o suposto dinheiro. Em sua resid\u00eancia, funcion\u00e1rio voltou a negar o furto.<br>&#8220;Ele ent\u00e3o me deu um prazo para eu devolver o dinheiro e foi embora&#8221;, conta.<\/p>\n\n\n\n<p>Em seguida, o homem saiu e buscou ajuda do irm\u00e3o. Eles foram ao IML para a realiza\u00e7\u00e3o do exame de corpo de delito. Logo depois, o caso foi registrado na delegacia. Desde ent\u00e3o, est\u00e1 escondido na casa de um amigo com receio de ser procurado por algu\u00e9m ligado ao empres\u00e1rio.<\/p>\n","protected":false},"excerpt":{"rendered":"<p>Um empres\u00e1rio foi preso em flagrante suspeito de torturar um funcion\u00e1rio, em Aparecida de Goi\u00e2nia, Regi\u00e3o Metropolitana de Goi\u00e2nia, em Goi\u00e1s. Segundo a Pol\u00edcia Civil,&hellip; <\/p>\n","protected":false},"author":2,"featured_media":154960,"comment_status":"closed","ping_status":"closed","sticky":false,"template":"","format":"standard","meta":{"sfsi_plus_gutenberg_text_before_share":"","sfsi_plus_gutenberg_show_text_before_share":"","sfsi_plus_gutenberg_icon_type":"","sfsi_plus_gutenberg_icon_alignemt":"","sfsi_plus_gutenburg_max_per_row":"","footnotes":""},"categories":[12],"tags":[],"class_list":["post-154959","post","type-post","status-publish","format-standard","has-post-thumbnail","hentry","category-policia"],"_links":{"self":[{"href":"https:\/\/www.caririemacao.com\/1\/wp-json\/wp\/v2\/posts\/154959","targetHints":{"allow":["GET"]}}],"collection":[{"href":"https:\/\/www.caririemacao.com\/1\/wp-json\/wp\/v2\/posts"}],"about":[{"href":"https:\/\/www.caririemacao.com\/1\/wp-json\/wp\/v2\/types\/post"}],"author":[{"embeddable":true,"href":"https:\/\/www.caririemacao.com\/1\/wp-json\/wp\/v2\/users\/2"}],"replies":[{"embeddable":true,"href":"https:\/\/www.caririemacao.com\/1\/wp-json\/wp\/v2\/comments?post=154959"}],"version-history":[{"count":1,"href":"https:\/\/www.caririemacao.com\/1\/wp-json\/wp\/v2\/posts\/154959\/revisions"}],"predecessor-version":[{"id":154961,"href":"https:\/\/www.caririemacao.com\/1\/wp-json\/wp\/v2\/posts\/154959\/revisions\/154961"}],"wp:featuredmedia":[{"embeddable":true,"href":"https:\/\/www.caririemacao.com\/1\/wp-json\/wp\/v2\/media\/154960"}],"wp:attachment":[{"href":"https:\/\/www.caririemacao.com\/1\/wp-json\/wp\/v2\/media?parent=154959"}],"wp:term":[{"taxonomy":"category","embeddable":true,"href":"https:\/\/www.caririemacao.com\/1\/wp-json\/wp\/v2\/categories?post=154959"},{"taxonomy":"post_tag","embeddable":true,"href":"https:\/\/www.caririemacao.com\/1\/wp-json\/wp\/v2\/tags?post=154959"}],"curies":[{"name":"wp","href":"https:\/\/api.w.org\/{rel}","templated":true}]}}