{"id":154977,"date":"2020-02-24T14:39:12","date_gmt":"2020-02-24T17:39:12","guid":{"rendered":"http:\/\/www.caririemacao.com\/1\/?p=154977"},"modified":"2020-02-24T14:39:15","modified_gmt":"2020-02-24T17:39:15","slug":"heineken-anuncia-recall-voluntario-de-long-necks-de-330-ml","status":"publish","type":"post","link":"https:\/\/www.caririemacao.com\/1\/2020\/02\/24\/heineken-anuncia-recall-voluntario-de-long-necks-de-330-ml\/","title":{"rendered":"Heineken anuncia recall volunt\u00e1rio de long necks de 330 ml"},"content":{"rendered":"\n<p>O Grupo Heineken no Brasil anunciou um recall volunt\u00e1rio de lotes espec\u00edficos de Heineken\u00ae long neck 330ml.<\/p>\n\n\n\n<p>A medida \u00e9 preventiva e acontece em virtude da identifica\u00e7\u00e3o de uma altera\u00e7\u00e3o nas garrafas, que pode fazer com que, em menos de 0,3% das long necks desses lotes, uma pequena lasca de vidro se desprenda do bocal no momento da abertura, o que poder\u00e1 ocasionar les\u00f5es ou ingest\u00e3o acidental de lascas de vidro.<\/p>\n\n\n\n<p>De acordo com a empresa, a altera\u00e7\u00e3o j\u00e1 foi corrigida e n\u00e3o h\u00e1 impacto na qualidade do l\u00edquido.<\/p>\n\n\n\n<p>&#8220;Para identificar os lotes, veja se a sua long neck 330ml possui as letras CH em alto-relevo na parte inferior da garrafa. Se voc\u00ea encontrar essas letras, abra a garrafa com cuidado, girando a tampa, como recomenda a embalagem. Caso alguma altera\u00e7\u00e3o no bocal seja identificada, o produto n\u00e3o deve ser consumido, para evitar que voc\u00ea se machuque&#8221;, diz a orienta\u00e7\u00e3o divulgada pela empresa.<\/p>\n\n\n\n<p>Os consumidores que desejarem realizar a substitui\u00e7\u00e3o ou reembolso, devem entrar em contato com o Servi\u00e7o de Atendimento ao Consumidor pelo telefone 0800 885 2462, de segunda a s\u00e1bado, das 9h \u00e0s 21h ou pelo e-mail faleconosco@heineken.com.br. O consumidor deve guardar a garrafa, pois ela ser\u00e1 recolhida pela empresa para an\u00e1lise.<\/p>\n\n\n\n<p>Esta a\u00e7\u00e3o n\u00e3o representa qualquer custo ao consumidor e os outros produtos da Companhia que n\u00e3o fazem parte dos lotes espec\u00edficos podem ser consumidos normalmente.<\/p>\n\n\n\n<figure class=\"wp-block-image\"><img decoding=\"async\" data-src=\"https:\/\/www.clickpb.com.br\/media\/filer_public\/77\/ed\/77edfdc9-e1bc-4b8a-8b44-18531c4cd9cc\/infografico_heineken.jpg\" alt=\"\" src=\"data:image\/svg+xml;base64,PHN2ZyB3aWR0aD0iMSIgaGVpZ2h0PSIxIiB4bWxucz0iaHR0cDovL3d3dy53My5vcmcvMjAwMC9zdmciPjwvc3ZnPg==\" class=\"lazyload\" \/><\/figure>\n","protected":false},"excerpt":{"rendered":"<p>O Grupo Heineken no Brasil anunciou um recall volunt\u00e1rio de lotes espec\u00edficos de Heineken\u00ae long neck 330ml. A medida \u00e9 preventiva e acontece em virtude&hellip; <\/p>\n","protected":false},"author":2,"featured_media":154978,"comment_status":"closed","ping_status":"closed","sticky":false,"template":"","format":"standard","meta":{"sfsi_plus_gutenberg_text_before_share":"","sfsi_plus_gutenberg_show_text_before_share":"","sfsi_plus_gutenberg_icon_type":"","sfsi_plus_gutenberg_icon_alignemt":"","sfsi_plus_gutenburg_max_per_row":"","footnotes":""},"categories":[2],"tags":[],"class_list":["post-154977","post","type-post","status-publish","format-standard","has-post-thumbnail","hentry","category-geral"],"_links":{"self":[{"href":"https:\/\/www.caririemacao.com\/1\/wp-json\/wp\/v2\/posts\/154977","targetHints":{"allow":["GET"]}}],"collection":[{"href":"https:\/\/www.caririemacao.com\/1\/wp-json\/wp\/v2\/posts"}],"about":[{"href":"https:\/\/www.caririemacao.com\/1\/wp-json\/wp\/v2\/types\/post"}],"author":[{"embeddable":true,"href":"https:\/\/www.caririemacao.com\/1\/wp-json\/wp\/v2\/users\/2"}],"replies":[{"embeddable":true,"href":"https:\/\/www.caririemacao.com\/1\/wp-json\/wp\/v2\/comments?post=154977"}],"version-history":[{"count":1,"href":"https:\/\/www.caririemacao.com\/1\/wp-json\/wp\/v2\/posts\/154977\/revisions"}],"predecessor-version":[{"id":154979,"href":"https:\/\/www.caririemacao.com\/1\/wp-json\/wp\/v2\/posts\/154977\/revisions\/154979"}],"wp:featuredmedia":[{"embeddable":true,"href":"https:\/\/www.caririemacao.com\/1\/wp-json\/wp\/v2\/media\/154978"}],"wp:attachment":[{"href":"https:\/\/www.caririemacao.com\/1\/wp-json\/wp\/v2\/media?parent=154977"}],"wp:term":[{"taxonomy":"category","embeddable":true,"href":"https:\/\/www.caririemacao.com\/1\/wp-json\/wp\/v2\/categories?post=154977"},{"taxonomy":"post_tag","embeddable":true,"href":"https:\/\/www.caririemacao.com\/1\/wp-json\/wp\/v2\/tags?post=154977"}],"curies":[{"name":"wp","href":"https:\/\/api.w.org\/{rel}","templated":true}]}}