{"id":154981,"date":"2020-02-24T14:41:30","date_gmt":"2020-02-24T17:41:30","guid":{"rendered":"http:\/\/www.caririemacao.com\/1\/?p=154981"},"modified":"2020-02-24T14:41:31","modified_gmt":"2020-02-24T17:41:31","slug":"militar-flagrado-com-39-kg-de-cocaina-em-aviao-da-fab-e-condenado-a-seis-anos-de-prisao","status":"publish","type":"post","link":"https:\/\/www.caririemacao.com\/1\/2020\/02\/24\/militar-flagrado-com-39-kg-de-cocaina-em-aviao-da-fab-e-condenado-a-seis-anos-de-prisao\/","title":{"rendered":"Militar flagrado com 39 kg de coca\u00edna em avi\u00e3o da FAB \u00e9 condenado a seis anos de pris\u00e3o"},"content":{"rendered":"\n<p>O sargento Manoel Silva Rodrigues, que foi preso na Espanha com 39 quilos de coca\u00edna levados um avi\u00e3o da comitiva do presidente Jair Bolsonaro, em julho de 2019, fez um acordo com a promotoria espanhola e vai cumprir pena de seis anos e um dia.<\/p>\n\n\n\n<p>\u00c9 uma redu\u00e7\u00e3o da condena\u00e7\u00e3o anterior, de oito anos. Rodrigues tamb\u00e9m vai pagar uma multa de 2 milh\u00f5es de euros (cerca de R$ 9,5 milh\u00f5es, na cota\u00e7\u00e3o atual).<\/p>\n\n\n\n<p>Segundo a ag\u00eancia Efe, a pena foi diminu\u00edda depois da admiss\u00e3o de autoria por parte de Rodrigues \u2013na corte, o sargento afirmou estar profundamente arrependido.<\/p>\n\n\n\n<p>Rodrigues foi preso em Sevilha em 25 de junho de 2019. Ele havia viajado a Sevilha com 39 kg de coca\u00edna na bagagem, e ia em um dos voos da comitiva que levava Jair Bolsonaro a um encontro do G20, no Jap\u00e3o. O presidente n\u00e3o estava no mesmo avi\u00e3o.<\/p>\n\n\n\n<p>O brasileiro afirmou que sua miss\u00e3o era levar a droga at\u00e9 a Europa e voltar. Ao sair do aeroporto, ele iria para um centro comercial, onde aguardaria uma pessoa que daria um sinal.<br>\u201cEm 20 anos de limitar, nunca abriram nenhum processo contra mim, e eu nunca tive nenhuma san\u00e7\u00e3o, mas meu sal\u00e1rio n\u00e3o \u00e9 muito alto e eu estava passando por dificuldades econ\u00f4micas\u201d, disse o condenado, segundo o jornal \u201cABC de Sevilla\u201d.<\/p>\n\n\n\n<p>Ele ainda afirmou que pretende voltar ao Brasil e trabalhar.<\/p>\n\n\n\n<p>A promotoria considerou que o militar brasileiro foi sincero e reconheceu seus crimes.<\/p>\n","protected":false},"excerpt":{"rendered":"<p>O sargento Manoel Silva Rodrigues, que foi preso na Espanha com 39 quilos de coca\u00edna levados um avi\u00e3o da comitiva do presidente Jair Bolsonaro, em&hellip; <\/p>\n","protected":false},"author":2,"featured_media":154982,"comment_status":"closed","ping_status":"closed","sticky":false,"template":"","format":"standard","meta":{"sfsi_plus_gutenberg_text_before_share":"","sfsi_plus_gutenberg_show_text_before_share":"","sfsi_plus_gutenberg_icon_type":"","sfsi_plus_gutenberg_icon_alignemt":"","sfsi_plus_gutenburg_max_per_row":"","footnotes":""},"categories":[12],"tags":[],"class_list":["post-154981","post","type-post","status-publish","format-standard","has-post-thumbnail","hentry","category-policia"],"_links":{"self":[{"href":"https:\/\/www.caririemacao.com\/1\/wp-json\/wp\/v2\/posts\/154981","targetHints":{"allow":["GET"]}}],"collection":[{"href":"https:\/\/www.caririemacao.com\/1\/wp-json\/wp\/v2\/posts"}],"about":[{"href":"https:\/\/www.caririemacao.com\/1\/wp-json\/wp\/v2\/types\/post"}],"author":[{"embeddable":true,"href":"https:\/\/www.caririemacao.com\/1\/wp-json\/wp\/v2\/users\/2"}],"replies":[{"embeddable":true,"href":"https:\/\/www.caririemacao.com\/1\/wp-json\/wp\/v2\/comments?post=154981"}],"version-history":[{"count":1,"href":"https:\/\/www.caririemacao.com\/1\/wp-json\/wp\/v2\/posts\/154981\/revisions"}],"predecessor-version":[{"id":154983,"href":"https:\/\/www.caririemacao.com\/1\/wp-json\/wp\/v2\/posts\/154981\/revisions\/154983"}],"wp:featuredmedia":[{"embeddable":true,"href":"https:\/\/www.caririemacao.com\/1\/wp-json\/wp\/v2\/media\/154982"}],"wp:attachment":[{"href":"https:\/\/www.caririemacao.com\/1\/wp-json\/wp\/v2\/media?parent=154981"}],"wp:term":[{"taxonomy":"category","embeddable":true,"href":"https:\/\/www.caririemacao.com\/1\/wp-json\/wp\/v2\/categories?post=154981"},{"taxonomy":"post_tag","embeddable":true,"href":"https:\/\/www.caririemacao.com\/1\/wp-json\/wp\/v2\/tags?post=154981"}],"curies":[{"name":"wp","href":"https:\/\/api.w.org\/{rel}","templated":true}]}}