{"id":154984,"date":"2020-02-24T15:16:07","date_gmt":"2020-02-24T18:16:07","guid":{"rendered":"http:\/\/www.caririemacao.com\/1\/?p=154984"},"modified":"2020-02-24T15:16:09","modified_gmt":"2020-02-24T18:16:09","slug":"ministra-diz-que-governo-bolsonaro-tem-como-prioridade-proteger-o-direito-a-vida","status":"publish","type":"post","link":"https:\/\/www.caririemacao.com\/1\/2020\/02\/24\/ministra-diz-que-governo-bolsonaro-tem-como-prioridade-proteger-o-direito-a-vida\/","title":{"rendered":"Ministra diz que governo Bolsonaro tem como prioridade proteger o direito \u00e0 vida"},"content":{"rendered":"\n<p>A ministra da Mulher, da Fam\u00edlia e dos Direitos Humanos, Damares Alves, disse hoje (24), durante reuni\u00e3o do Conselho de Direitos Humanos das Na\u00e7\u00f5es Unidas, em Genebra, na Su\u00ed\u00e7a, que, ap\u00f3s pegar um pa\u00eds \u201cmergulhado em corrup\u00e7\u00e3o e viol\u00eancia\u201d, o governo de Jair Bolsonaro tem como prioridade \u201cgarantir e proteger\u201d o direito \u00e0 vida.<\/p>\n\n\n\n<p>\u201cNo ano passado, estive nesta tribuna para falar do Brasil que recebemos. Um Brasil mergulhado em corrup\u00e7\u00e3o e viol\u00eancia. Decidimos que a nossa prioridade seria garantir e proteger o primeiro e maior de todos os direitos humanos, o direito \u00e0 vida\u201d, disse a ministra ao abrir o discurso na 43\u00aa sess\u00e3o do Conselho.<\/p>\n\n\n\n<figure class=\"wp-block-image\"><img decoding=\"async\" data-src=\"https:\/\/paraibaonline.com.br\/wp-content\/uploads\/2020\/02\/damares2402.jpg\" alt=\"Foto: T\u00e2nia R\u00eago\/Ag\u00eancia Brasil\" class=\"wp-image-839344 lazyload\" src=\"data:image\/svg+xml;base64,PHN2ZyB3aWR0aD0iMSIgaGVpZ2h0PSIxIiB4bWxucz0iaHR0cDovL3d3dy53My5vcmcvMjAwMC9zdmciPjwvc3ZnPg==\" \/><\/figure>\n\n\n\n<p>Foto: T\u00e2nia R\u00eago\/Ag\u00eancia Brasil<\/p>\n\n\n\n<p>Damares citou alguns n\u00fameros que, segundo ela, mostram que o combate ao crime organizado \u00e9 prioridade no atual governo. \u201cEm apenas um ano, o n\u00famero de homic\u00eddios j\u00e1 caiu mais de 20%. Mais de 8 mil pessoas n\u00e3o foram assassinadas no Brasil em 2019\u201d, disse. \u201cO n\u00famero de estupros tamb\u00e9m foi reduzido e a crian\u00e7a tem sido protegida de forma efetiva\u201d, completou.<\/p>\n\n\n\n<p>\u201cN\u00e3o fazemos discurso de homenagem aos direitos humanos e \u00e0 justi\u00e7a social como cortina de fuma\u00e7a para o desvio institucionalizado de bilh\u00f5es de d\u00f3lares destinados \u00e0 sa\u00fade, \u00e0 educa\u00e7\u00e3o, \u00e0 seguran\u00e7a p\u00fablica\u201d, acrescentou antes de afirmar que o combate \u00e0 corrup\u00e7\u00e3o possibilitou, ao atual governo, aplicar mais recursos na \u00e1rea social.<\/p>\n\n\n\n<p>\u201cSem corrup\u00e7\u00e3o, j\u00e1 come\u00e7a a sobrar dinheiro para proteger nossos brasileiros. Um dos muitos exemplos \u00e9 a recente iniciativa do governo Bolsonaro de pagar pens\u00e3o vital\u00edcia para crian\u00e7as nascidas com microcefalia em decorr\u00eancia do zika v\u00edrus\u201d.<\/p>\n\n\n\n<p>Damares destacou que o presidente Jair Bolsonaro sancionou, em 2019, sete leis voltadas ao combate \u00e0 viol\u00eancia contra mulheres e meninas; a lei que institui o Bi\u00eanio da Primeira Inf\u00e2ncia do Brasil, no per\u00edodo de 2020 a 2021, al\u00e9m de ter estabelecido o Conselho da Amaz\u00f4nia.<\/p>\n\n\n\n<p>Destacou tamb\u00e9m a publica\u00e7\u00e3o de um relat\u00f3rio sobre a situa\u00e7\u00e3o de pessoas LGBT nos pres\u00eddios brasileiros, que, segundo ela, vai subsidiar a elabora\u00e7\u00e3o de um \u201cprotocolo de procedimentos e, oportunamente, a edi\u00e7\u00e3o de portaria para regulamenta\u00e7\u00e3o de alas ou celas especiais\u201d.<\/p>\n\n\n\n<p>Ela citou tamb\u00e9m o trabalho feito pelo governo brasileiro no sentido de dar assist\u00eancia e reconhecer como refugiados \u201cmilhares de cidad\u00e3os [venezuelanos] que chegam ao Brasil em raz\u00e3o da crise humanit\u00e1ria naquele pa\u00eds\u201d.<\/p>\n\n\n\n<p>\u201cRealizamos mais de 1 milh\u00e3o de atendimentos emergenciais a venezuelanos na fronteira. Facilitamos o reconhecimento do status de refugiado\u201d, disse. \u201cReitero, com tristeza, nossa preocupa\u00e7\u00e3o com as persistentes e s\u00e9rias viola\u00e7\u00f5es de direitos humanos cometidas na Venezuela\u201d, completou.<\/p>\n\n\n\n<p>Damares est\u00e1 chefiando a delega\u00e7\u00e3o brasileira na 43\u00aa sess\u00e3o do Conselho de Direitos Humanos das Na\u00e7\u00f5es Unidas. A reuni\u00e3o \u00e9 o principal encontro de l\u00edderes internacionais sobre o tema e contar\u00e1 com a participa\u00e7\u00e3o de mais de 100 ministros e altas autoridades da \u00e1rea de direitos humanos.<\/p>\n\n\n\n<p>Ao longo da 43\u00aa sess\u00e3o, que se encerra em 20 de mar\u00e7o, est\u00e3o previstos mais de 200 eventos paralelos, promovidos por pa\u00edses e entidades da sociedade civil.<\/p>\n","protected":false},"excerpt":{"rendered":"<p>A ministra da Mulher, da Fam\u00edlia e dos Direitos Humanos, Damares Alves, disse hoje (24), durante reuni\u00e3o do Conselho de Direitos Humanos das Na\u00e7\u00f5es Unidas,&hellip; <\/p>\n","protected":false},"author":2,"featured_media":153701,"comment_status":"closed","ping_status":"closed","sticky":false,"template":"","format":"standard","meta":{"sfsi_plus_gutenberg_text_before_share":"","sfsi_plus_gutenberg_show_text_before_share":"","sfsi_plus_gutenberg_icon_type":"","sfsi_plus_gutenberg_icon_alignemt":"","sfsi_plus_gutenburg_max_per_row":"","footnotes":""},"categories":[2],"tags":[],"class_list":["post-154984","post","type-post","status-publish","format-standard","has-post-thumbnail","hentry","category-geral"],"_links":{"self":[{"href":"https:\/\/www.caririemacao.com\/1\/wp-json\/wp\/v2\/posts\/154984","targetHints":{"allow":["GET"]}}],"collection":[{"href":"https:\/\/www.caririemacao.com\/1\/wp-json\/wp\/v2\/posts"}],"about":[{"href":"https:\/\/www.caririemacao.com\/1\/wp-json\/wp\/v2\/types\/post"}],"author":[{"embeddable":true,"href":"https:\/\/www.caririemacao.com\/1\/wp-json\/wp\/v2\/users\/2"}],"replies":[{"embeddable":true,"href":"https:\/\/www.caririemacao.com\/1\/wp-json\/wp\/v2\/comments?post=154984"}],"version-history":[{"count":1,"href":"https:\/\/www.caririemacao.com\/1\/wp-json\/wp\/v2\/posts\/154984\/revisions"}],"predecessor-version":[{"id":154985,"href":"https:\/\/www.caririemacao.com\/1\/wp-json\/wp\/v2\/posts\/154984\/revisions\/154985"}],"wp:featuredmedia":[{"embeddable":true,"href":"https:\/\/www.caririemacao.com\/1\/wp-json\/wp\/v2\/media\/153701"}],"wp:attachment":[{"href":"https:\/\/www.caririemacao.com\/1\/wp-json\/wp\/v2\/media?parent=154984"}],"wp:term":[{"taxonomy":"category","embeddable":true,"href":"https:\/\/www.caririemacao.com\/1\/wp-json\/wp\/v2\/categories?post=154984"},{"taxonomy":"post_tag","embeddable":true,"href":"https:\/\/www.caririemacao.com\/1\/wp-json\/wp\/v2\/tags?post=154984"}],"curies":[{"name":"wp","href":"https:\/\/api.w.org\/{rel}","templated":true}]}}