{"id":154986,"date":"2020-02-24T15:18:39","date_gmt":"2020-02-24T18:18:39","guid":{"rendered":"http:\/\/www.caririemacao.com\/1\/?p=154986"},"modified":"2020-02-24T15:18:41","modified_gmt":"2020-02-24T18:18:41","slug":"homem-e-condenado-por-furtar-pecas-de-veiculos-do-patio-do-detran-pb","status":"publish","type":"post","link":"https:\/\/www.caririemacao.com\/1\/2020\/02\/24\/homem-e-condenado-por-furtar-pecas-de-veiculos-do-patio-do-detran-pb\/","title":{"rendered":"Homem \u00e9 condenado por furtar pe\u00e7as de ve\u00edculos do p\u00e1tio do Detran-PB"},"content":{"rendered":"\n<p>Um homem foi condenado a cinco anos de pris\u00e3o por furtar pe\u00e7as de ve\u00edculos retidos no p\u00e1tio do Departamento Estadual de Tr\u00e2nsito (Detran), em Jo\u00e3o Pessoa. Ele \u00e9 acusado de invadir o local no per\u00edodo da noite, junto com um adolescente, para cometer o crime.<\/p>\n\n\n\n<p>O caso aconteceu em dezembro de 2016. O agora condenado conseguiu fugir, mas o adolescente que estava com ele foi detido e indicou onde a pol\u00edcia poderia encontr\u00e1-lo.<\/p>\n\n\n\n<p>Segundo a senten\u00e7a, v\u00e1rios itens automotivos foram roubados dos ve\u00edculos que estavam no p\u00e1tio. O documento aponta ainda que uma testemunha afirmou ter visto a dupla com as pe\u00e7as.<\/p>\n\n\n\n<p>A condena\u00e7\u00e3o foi imposta pelos crimes de furto qualificado e corrup\u00e7\u00e3o de menores. Ainda cabe recurso \u00e0 decis\u00e3o.<\/p>\n","protected":false},"excerpt":{"rendered":"<p>Um homem foi condenado a cinco anos de pris\u00e3o por furtar pe\u00e7as de ve\u00edculos retidos no p\u00e1tio do Departamento Estadual de Tr\u00e2nsito (Detran), em Jo\u00e3o&hellip; <\/p>\n","protected":false},"author":2,"featured_media":154987,"comment_status":"closed","ping_status":"closed","sticky":false,"template":"","format":"standard","meta":{"sfsi_plus_gutenberg_text_before_share":"","sfsi_plus_gutenberg_show_text_before_share":"","sfsi_plus_gutenberg_icon_type":"","sfsi_plus_gutenberg_icon_alignemt":"","sfsi_plus_gutenburg_max_per_row":"","footnotes":""},"categories":[12],"tags":[],"class_list":["post-154986","post","type-post","status-publish","format-standard","has-post-thumbnail","hentry","category-policia"],"_links":{"self":[{"href":"https:\/\/www.caririemacao.com\/1\/wp-json\/wp\/v2\/posts\/154986","targetHints":{"allow":["GET"]}}],"collection":[{"href":"https:\/\/www.caririemacao.com\/1\/wp-json\/wp\/v2\/posts"}],"about":[{"href":"https:\/\/www.caririemacao.com\/1\/wp-json\/wp\/v2\/types\/post"}],"author":[{"embeddable":true,"href":"https:\/\/www.caririemacao.com\/1\/wp-json\/wp\/v2\/users\/2"}],"replies":[{"embeddable":true,"href":"https:\/\/www.caririemacao.com\/1\/wp-json\/wp\/v2\/comments?post=154986"}],"version-history":[{"count":1,"href":"https:\/\/www.caririemacao.com\/1\/wp-json\/wp\/v2\/posts\/154986\/revisions"}],"predecessor-version":[{"id":154988,"href":"https:\/\/www.caririemacao.com\/1\/wp-json\/wp\/v2\/posts\/154986\/revisions\/154988"}],"wp:featuredmedia":[{"embeddable":true,"href":"https:\/\/www.caririemacao.com\/1\/wp-json\/wp\/v2\/media\/154987"}],"wp:attachment":[{"href":"https:\/\/www.caririemacao.com\/1\/wp-json\/wp\/v2\/media?parent=154986"}],"wp:term":[{"taxonomy":"category","embeddable":true,"href":"https:\/\/www.caririemacao.com\/1\/wp-json\/wp\/v2\/categories?post=154986"},{"taxonomy":"post_tag","embeddable":true,"href":"https:\/\/www.caririemacao.com\/1\/wp-json\/wp\/v2\/tags?post=154986"}],"curies":[{"name":"wp","href":"https:\/\/api.w.org\/{rel}","templated":true}]}}