{"id":154993,"date":"2020-02-24T15:22:29","date_gmt":"2020-02-24T18:22:29","guid":{"rendered":"http:\/\/www.caririemacao.com\/1\/?p=154993"},"modified":"2020-02-24T15:22:30","modified_gmt":"2020-02-24T18:22:30","slug":"homem-acusado-de-matar-primo-e-encontrado-morto-dentro-de-cela-na-cadeia-publica-de-soledade","status":"publish","type":"post","link":"https:\/\/www.caririemacao.com\/1\/2020\/02\/24\/homem-acusado-de-matar-primo-e-encontrado-morto-dentro-de-cela-na-cadeia-publica-de-soledade\/","title":{"rendered":"Homem acusado de matar primo \u00e9 encontrado morto dentro de cela na Cadeia P\u00fablica de Soledade"},"content":{"rendered":"\n<p>Um homem acusado de matar o primo a pauladas foi encontrado morto dentro de uma cela da&nbsp;Cadeia P\u00fablica de Soledade, na noite desse domingo (23).<\/p>\n\n\n\n<p>De acordo com informa\u00e7\u00f5es, Z\u00e9 de Nino foi encontrado enforcado com a pr\u00f3pria camisa.<\/p>\n\n\n\n<p>Ele \u00e9 acusado de matar o primo&nbsp;Odair Jos\u00e9 Proc\u00f3pio de Ara\u00fajo, no s\u00edtio Barrocas, na \u00faltima sexta-feira (21).<\/p>\n\n\n\n<p><em>Click PB<\/em><\/p>\n","protected":false},"excerpt":{"rendered":"<p>Um homem acusado de matar o primo a pauladas foi encontrado morto dentro de uma cela da&nbsp;Cadeia P\u00fablica de Soledade, na noite desse domingo (23).&hellip; <\/p>\n","protected":false},"author":2,"featured_media":154994,"comment_status":"closed","ping_status":"closed","sticky":false,"template":"","format":"standard","meta":{"sfsi_plus_gutenberg_text_before_share":"","sfsi_plus_gutenberg_show_text_before_share":"","sfsi_plus_gutenberg_icon_type":"","sfsi_plus_gutenberg_icon_alignemt":"","sfsi_plus_gutenburg_max_per_row":"","footnotes":""},"categories":[12],"tags":[],"class_list":["post-154993","post","type-post","status-publish","format-standard","has-post-thumbnail","hentry","category-policia"],"_links":{"self":[{"href":"https:\/\/www.caririemacao.com\/1\/wp-json\/wp\/v2\/posts\/154993","targetHints":{"allow":["GET"]}}],"collection":[{"href":"https:\/\/www.caririemacao.com\/1\/wp-json\/wp\/v2\/posts"}],"about":[{"href":"https:\/\/www.caririemacao.com\/1\/wp-json\/wp\/v2\/types\/post"}],"author":[{"embeddable":true,"href":"https:\/\/www.caririemacao.com\/1\/wp-json\/wp\/v2\/users\/2"}],"replies":[{"embeddable":true,"href":"https:\/\/www.caririemacao.com\/1\/wp-json\/wp\/v2\/comments?post=154993"}],"version-history":[{"count":1,"href":"https:\/\/www.caririemacao.com\/1\/wp-json\/wp\/v2\/posts\/154993\/revisions"}],"predecessor-version":[{"id":154995,"href":"https:\/\/www.caririemacao.com\/1\/wp-json\/wp\/v2\/posts\/154993\/revisions\/154995"}],"wp:featuredmedia":[{"embeddable":true,"href":"https:\/\/www.caririemacao.com\/1\/wp-json\/wp\/v2\/media\/154994"}],"wp:attachment":[{"href":"https:\/\/www.caririemacao.com\/1\/wp-json\/wp\/v2\/media?parent=154993"}],"wp:term":[{"taxonomy":"category","embeddable":true,"href":"https:\/\/www.caririemacao.com\/1\/wp-json\/wp\/v2\/categories?post=154993"},{"taxonomy":"post_tag","embeddable":true,"href":"https:\/\/www.caririemacao.com\/1\/wp-json\/wp\/v2\/tags?post=154993"}],"curies":[{"name":"wp","href":"https:\/\/api.w.org\/{rel}","templated":true}]}}