{"id":154999,"date":"2020-02-24T15:29:54","date_gmt":"2020-02-24T18:29:54","guid":{"rendered":"http:\/\/www.caririemacao.com\/1\/?p=154999"},"modified":"2020-02-24T15:29:55","modified_gmt":"2020-02-24T18:29:55","slug":"ex-prefeito-de-santa-rita-marcus-odilon-morre-aos-80-anos","status":"publish","type":"post","link":"https:\/\/www.caririemacao.com\/1\/2020\/02\/24\/ex-prefeito-de-santa-rita-marcus-odilon-morre-aos-80-anos\/","title":{"rendered":"Ex-prefeito de Santa Rita, Marcus Odilon, morre aos 80 anos"},"content":{"rendered":"\n<p>O ex-prefeito de Santa Rita, Regi\u00e3o Metropolitana de Jo\u00e3o Pessoa, Marcus Odilon Ribeiro Coutinho, morreu aos 80 anos na madrugada desta segunda-feira (24). Ele estava internado na Unidade de Terapia Intensiva (UTI) do Hospital Memorial S\u00e3o Francisco, em Jo\u00e3o Pessoa.<\/p>\n\n\n\n<p>A informa\u00e7\u00e3o do falecimento foi confirmada pelo filho de Marcus Odilon, o ex-deputado Flaviano Quinto, e pela prefeitura de Santa Rita. De acordo com amigos da fam\u00edlia, Marcus Odilon estava internado h\u00e1 pelo menos 10 dias e teria morrido ap\u00f3s sofrer com problemas no intestino.<\/p>\n\n\n\n<p>Marcus era natural de Santa Rita e formado em Direito pela Universidade Federal da Para\u00edba (UFPB). Ele teve uma forte participa\u00e7\u00e3o na pol\u00edtica paraibana. Foi eleito prefeito do munic\u00edpio de Juarez T\u00e1vora por duas vezes, quatro vezes prefeito de Santa Rita e deputado estadual da Para\u00edba por duas legislaturas. Tamb\u00e9m foi candidato a prefeito de Jo\u00e3o Pessoa na elei\u00e7\u00e3o de 1985 e candidato \u00e0 vice-governador em 1986.<\/p>\n\n\n\n<p>A prefeitura de Santa Rita divulgou uma nota de pesar \u00e0 morte do ex-prefeito do munic\u00edpio, onde decreta tr\u00eas dias de luto oficial. Os festejos de carnaval da cidade tamb\u00e9m foram cancelados devido ao acontecimento.<\/p>\n\n\n\n<p>O vel\u00f3rio deve acontecer \u00e0s 16h30, na Central de Vel\u00f3rios Morada da Paz. O sepultamento est\u00e1 marcado para \u00e0s 10h desta ter\u00e7a-feira (25), no Cemit\u00e9rio S\u00e3o Jos\u00e9 de Arimat\u00e9ia, em Tibiri, na cidade de Santa Rita.<\/p>\n\n\n\n<p><em>G1 PB<\/em><\/p>\n","protected":false},"excerpt":{"rendered":"<p>O ex-prefeito de Santa Rita, Regi\u00e3o Metropolitana de Jo\u00e3o Pessoa, Marcus Odilon Ribeiro Coutinho, morreu aos 80 anos na madrugada desta segunda-feira (24). Ele estava&hellip; <\/p>\n","protected":false},"author":2,"featured_media":154998,"comment_status":"closed","ping_status":"closed","sticky":false,"template":"","format":"standard","meta":{"sfsi_plus_gutenberg_text_before_share":"","sfsi_plus_gutenberg_show_text_before_share":"","sfsi_plus_gutenberg_icon_type":"","sfsi_plus_gutenberg_icon_alignemt":"","sfsi_plus_gutenburg_max_per_row":"","footnotes":""},"categories":[2],"tags":[],"class_list":["post-154999","post","type-post","status-publish","format-standard","has-post-thumbnail","hentry","category-geral"],"_links":{"self":[{"href":"https:\/\/www.caririemacao.com\/1\/wp-json\/wp\/v2\/posts\/154999","targetHints":{"allow":["GET"]}}],"collection":[{"href":"https:\/\/www.caririemacao.com\/1\/wp-json\/wp\/v2\/posts"}],"about":[{"href":"https:\/\/www.caririemacao.com\/1\/wp-json\/wp\/v2\/types\/post"}],"author":[{"embeddable":true,"href":"https:\/\/www.caririemacao.com\/1\/wp-json\/wp\/v2\/users\/2"}],"replies":[{"embeddable":true,"href":"https:\/\/www.caririemacao.com\/1\/wp-json\/wp\/v2\/comments?post=154999"}],"version-history":[{"count":1,"href":"https:\/\/www.caririemacao.com\/1\/wp-json\/wp\/v2\/posts\/154999\/revisions"}],"predecessor-version":[{"id":155000,"href":"https:\/\/www.caririemacao.com\/1\/wp-json\/wp\/v2\/posts\/154999\/revisions\/155000"}],"wp:featuredmedia":[{"embeddable":true,"href":"https:\/\/www.caririemacao.com\/1\/wp-json\/wp\/v2\/media\/154998"}],"wp:attachment":[{"href":"https:\/\/www.caririemacao.com\/1\/wp-json\/wp\/v2\/media?parent=154999"}],"wp:term":[{"taxonomy":"category","embeddable":true,"href":"https:\/\/www.caririemacao.com\/1\/wp-json\/wp\/v2\/categories?post=154999"},{"taxonomy":"post_tag","embeddable":true,"href":"https:\/\/www.caririemacao.com\/1\/wp-json\/wp\/v2\/tags?post=154999"}],"curies":[{"name":"wp","href":"https:\/\/api.w.org\/{rel}","templated":true}]}}