{"id":155001,"date":"2020-02-24T15:33:06","date_gmt":"2020-02-24T18:33:06","guid":{"rendered":"http:\/\/www.caririemacao.com\/1\/?p=155001"},"modified":"2020-02-24T15:33:08","modified_gmt":"2020-02-24T18:33:08","slug":"carnaval-tem-campanha-contra-exploracao-sexual-infantil","status":"publish","type":"post","link":"https:\/\/www.caririemacao.com\/1\/2020\/02\/24\/carnaval-tem-campanha-contra-exploracao-sexual-infantil\/","title":{"rendered":"Carnaval tem campanha contra explora\u00e7\u00e3o sexual infantil"},"content":{"rendered":"\n<p>Neste domingo (23) de carnaval, o&nbsp;Natureza Viva conversou com&nbsp;<strong>Eva Cristina<\/strong>&nbsp;Dengler, gerente de Programas e Rela\u00e7\u00f5es Empresariais da Childhood Brasil, sobre a campanha&nbsp;&#8221; Explora\u00e7\u00e3o sexual infantil: Est\u00e1 na hora de acabar com esse carnaval&#8221;.<\/p>\n\n\n\n<p>Em parceria com&nbsp;o Instituto Liberta, busca conscientizar, respeitar, proteger e garantir os direitos das crian\u00e7as. Segundo Eva,&nbsp;&#8220;crian\u00e7as e adolescentes podem, sim, participar das celebra\u00e7\u00f5es do carnaval, mas elas n\u00e3o podem ser alvo do momento do carnaval ou da divers\u00e3o do carnaval&#8221;.<\/p>\n\n\n\n<p>A&nbsp;campanha tem como madrinha e porta-voz, a apresentadora Sabrina Sato.<\/p>\n\n\n\n<p>Para denunciar casos de explora\u00e7\u00e3o sexual contra crian\u00e7as e adolescentes,&nbsp;disque 100. As den\u00fancias podem se an\u00f4nimas e a liga\u00e7\u00e3o \u00e9 gratuita.&nbsp;<\/p>\n\n\n\n<p>Ou\u00e7a a entrevista no player acima.<\/p>\n\n\n\n<p><strong>O&nbsp;<a href=\"http:\/\/radios.ebc.com.br\/natureza-viva\" target=\"_blank\" rel=\"noreferrer noopener\">Natureza Viva<\/a><\/strong>&nbsp;vai ao ar todo domingo&nbsp;\u00e0s 8h nas r\u00e1dios&nbsp;<strong><a href=\"http:\/\/radios.ebc.com.br\/nacionalamazonia\" target=\"_blank\" rel=\"noreferrer noopener\">Nacional da Amaz\u00f4nia<\/a><\/strong>,&nbsp;R\u00e1dio&nbsp;<strong><a href=\"http:\/\/radios.ebc.com.br\/nacionalaltosolimoes\" target=\"_blank\" rel=\"noreferrer noopener\">Nacional do Alto Solim\u00f5es<\/a><\/strong>,&nbsp;<strong><a href=\"http:\/\/radios.ebc.com.br\/nacionalbrasiliaam\" target=\"_blank\" rel=\"noreferrer noopener\">Nacional de Bras\u00edlia<\/a><\/strong>&nbsp;e&nbsp;<strong><a href=\"http:\/\/radios.ebc.com.br\/mecamrio\" target=\"_blank\" rel=\"noreferrer noopener\">MEC AM<\/a><\/strong>.<\/p>\n","protected":false},"excerpt":{"rendered":"<p>Neste domingo (23) de carnaval, o&nbsp;Natureza Viva conversou com&nbsp;Eva Cristina&nbsp;Dengler, gerente de Programas e Rela\u00e7\u00f5es Empresariais da Childhood Brasil, sobre a campanha&nbsp;&#8221; Explora\u00e7\u00e3o sexual infantil:&hellip; <\/p>\n","protected":false},"author":2,"featured_media":78161,"comment_status":"closed","ping_status":"closed","sticky":false,"template":"","format":"standard","meta":{"sfsi_plus_gutenberg_text_before_share":"","sfsi_plus_gutenberg_show_text_before_share":"","sfsi_plus_gutenberg_icon_type":"","sfsi_plus_gutenberg_icon_alignemt":"","sfsi_plus_gutenburg_max_per_row":"","footnotes":""},"categories":[2],"tags":[],"class_list":["post-155001","post","type-post","status-publish","format-standard","has-post-thumbnail","hentry","category-geral"],"_links":{"self":[{"href":"https:\/\/www.caririemacao.com\/1\/wp-json\/wp\/v2\/posts\/155001","targetHints":{"allow":["GET"]}}],"collection":[{"href":"https:\/\/www.caririemacao.com\/1\/wp-json\/wp\/v2\/posts"}],"about":[{"href":"https:\/\/www.caririemacao.com\/1\/wp-json\/wp\/v2\/types\/post"}],"author":[{"embeddable":true,"href":"https:\/\/www.caririemacao.com\/1\/wp-json\/wp\/v2\/users\/2"}],"replies":[{"embeddable":true,"href":"https:\/\/www.caririemacao.com\/1\/wp-json\/wp\/v2\/comments?post=155001"}],"version-history":[{"count":1,"href":"https:\/\/www.caririemacao.com\/1\/wp-json\/wp\/v2\/posts\/155001\/revisions"}],"predecessor-version":[{"id":155002,"href":"https:\/\/www.caririemacao.com\/1\/wp-json\/wp\/v2\/posts\/155001\/revisions\/155002"}],"wp:featuredmedia":[{"embeddable":true,"href":"https:\/\/www.caririemacao.com\/1\/wp-json\/wp\/v2\/media\/78161"}],"wp:attachment":[{"href":"https:\/\/www.caririemacao.com\/1\/wp-json\/wp\/v2\/media?parent=155001"}],"wp:term":[{"taxonomy":"category","embeddable":true,"href":"https:\/\/www.caririemacao.com\/1\/wp-json\/wp\/v2\/categories?post=155001"},{"taxonomy":"post_tag","embeddable":true,"href":"https:\/\/www.caririemacao.com\/1\/wp-json\/wp\/v2\/tags?post=155001"}],"curies":[{"name":"wp","href":"https:\/\/api.w.org\/{rel}","templated":true}]}}