{"id":155004,"date":"2020-02-24T15:38:27","date_gmt":"2020-02-24T18:38:27","guid":{"rendered":"http:\/\/www.caririemacao.com\/1\/?p=155004"},"modified":"2020-02-24T15:38:29","modified_gmt":"2020-02-24T18:38:29","slug":"paisagem-irreal-e-perfeita-diz-musico-da-banda-inglesa-ladytron-que-lancou-filme-gravado-no-cariri","status":"publish","type":"post","link":"https:\/\/www.caririemacao.com\/1\/2020\/02\/24\/paisagem-irreal-e-perfeita-diz-musico-da-banda-inglesa-ladytron-que-lancou-filme-gravado-no-cariri\/","title":{"rendered":"\u2018Paisagem irreal e perfeita\u2019, diz m\u00fasico da banda inglesa Ladytron, que lan\u00e7ou filme gravado no Cariri"},"content":{"rendered":"\n<p>Cen\u00e1rio eternizado em produ\u00e7\u00f5es audiovisuais brasileiras como o filme \u201cCinema, Aspirinas e Urubus\u201d e a s\u00e9rie \u201cOnde Nascem os Fortes\u201d, o Lajedo de Pai Mateus, em Cabaceiras, no Cariri paraibano, ganhou proje\u00e7\u00e3o internacional. \u00c9 que o local, que fica na \u201cRoli\u00fade Nordestina\u201d foi escolhido pela banda de synthpop inglesa Ladytron como cen\u00e1rio do clipe e do curta-metragem para a m\u00fasica \u201cTower of Glass\u201d, lan\u00e7ados este m\u00eas.<\/p>\n\n\n\n<p>A ideia de fazer o clipe surgiu a partir de uma conversa entre Daniel e Manuel Nogueira, o diretor e roteirista. \u201cManuca [Manuel] \u00e9 meu amigo. A gente chegou a conversar h\u00e1 muito tempo sobre fazer alguma coisa juntos. Quando eventualmente falamos sobre \u2018Tower of Glass\u2019, ele imediatamente sugeriu que a gente fizesse algo al\u00e9m de apenas um videoclipe, algo que tivesse vida pr\u00f3pria e existisse em espa\u00e7os f\u00edsicos\u201d, diz Hunt.<\/p>\n\n\n\n<p>O encontro aconteceu em um restaurante no bairro do Pinheiros, em S\u00e3o Paulo, que serve comida regional do Rio Grande do Norte. \u201cEu adoro a comida de l\u00e1 e foi nesse cen\u00e1rio sertanejo que deu-se a primeira conversa. A decis\u00e3o de filmar na Para\u00edba veio depois, por acaso. Manuel me mostrou umas fotos da \u00e1rea, aquela paisagem irreal, e eu sabia que era perfeita para isso\u201d, conta o m\u00fasico.<\/p>\n\n\n\n<p>O diretor do clipe \u00e9 ga\u00facho, mas mora em S\u00e3o Paulo. Al\u00e9m de \u201cTower of Glass\u201d, ele j\u00e1 dirigiu v\u00e1rios filmes publicit\u00e1rios para marcas multinacionais e tamb\u00e9m clipes de artistas alternativos de m\u00fasica eletr\u00f4nica. Um dos trabalhos mais recentes dele foi o clipe de \u201cIs That For Me\u201d, parceria de Anitta com o DJ sueco Alesso. O filme foi gravado na amaz\u00f4nia.<\/p>\n\n\n\n<p>\u201cEu j\u00e1 fiz trabalhos em \u00e1reas muito diferentes, mas este de agora especial, porque foi uma coisa que me envolveu muito, afinal sou muito f\u00e3 da banda e admiro demais o trabalho dele. Al\u00e9m disso, eu tive muita liberdade, n\u00e3o s\u00f3 em termos criativos do que colocar no v\u00eddeo como tamb\u00e9m na mensagem que eu quis passar. N\u00e3o queria que fosse algo puramente est\u00e9tico, mas que levasse \u00e0 reflex\u00e3o\u201d, explica Manuel.<\/p>\n\n\n\n<p>O curta-metragem fala sobre a vontade de ter o controle sobre as coisas e acabar deixando de viver o momento, deixando de viver as rela\u00e7\u00f5es na intensidade do que elas s\u00e3o. \u201cApesar desse roteiro pr\u00e9-concebido, tamb\u00e9m h\u00e1 muito espa\u00e7o para a subjetividade, para a interpreta\u00e7\u00e3o que as pessoas v\u00e3o dar ao assistir os v\u00eddeos\u201d, comenta o diretor.<\/p>\n\n\n\n<p>Juliano Lopes assina a dire\u00e7\u00e3o de fotografia e a produ\u00e7\u00e3o executiva ficou por conta de Luciana Mattar e Gustavo Baldoni. O figurino, a maquiagem e o design de produ\u00e7\u00e3o \u00e9 assinado por Alma Negrot. Assista ao curta-metragem abaixo.<\/p>\n\n\n\n<p>Manuel nunca esteve na Para\u00edba at\u00e9 antes da grava\u00e7\u00e3o do filme. Ele chegou a cogitar outros cen\u00e1rios, at\u00e9 em outros pa\u00edses, antes de se encantar pelo Lajedo de Pai Mateus.<\/p>\n\n\n\n<p>\u201cEste lugar tem uma beleza e uma identidade que s\u00e3o muito raras, s\u00e3o muito potentes. Primeiro porque tem essa coisa do isolamento no tempo. Estando l\u00e1, a gente perde a percep\u00e7\u00e3o de saber onde se est\u00e1 na linha do tempo. \u00c9 como se as pedras, a vegeta\u00e7\u00e3o, tudo parasse no tempo. Isso \u00e9 muito rico e precisa ser explorado para al\u00e9m do \u00f3bvio de ser uma paisagem do interior. Foi isso que fizemos no curta e no clipe\u201d, diz o diretor.<\/p>\n\n\n\n<p><strong>Cen\u00e1rios de cinema e ecoturismo s\u00e3o os atrativos de Cabaceiras, PB<\/strong><\/p>\n\n\n\n<p>O Lajedo de Pai Mateus, \u00e9 uma eleva\u00e7\u00e3o rochosa com cerca de 1,5 km\u00b2 e que tem cerca de 100 grandes pedras arredondadas de at\u00e9 45 toneladas que se destacam sobre a superf\u00edcie. A forma\u00e7\u00e3o \u00e9 fruto do desgaste do solo ao longo de milh\u00f5es de anos. Em algumas pedras s\u00e3o encontradas pinturas rupestres atribu\u00eddas aos \u00edndios cariris, que viveram na regi\u00e3o h\u00e1 cerca de 12 mil anos.<\/p>\n\n\n\n<p>O local recebeu este nome devido \u00e0 lenda do curandeiro Pai Mateus, que teria morado em uma das pedras no s\u00e9culo XVIII e era considerado pelos moradores como uma personalidade sagrada, por usar ervas medicinais em \u00e9poca de escassez de profissionais na regi\u00e3o. Al\u00e9m da pedra em forma de \u2018cumbuca\u2019 de sopa invertida, onde ele teria morado, a Pedra do Capacete \u00e9 uma das mais interessantes devido ao seu formato.<\/p>\n\n\n\n<p>Conforme Manuel, o lugar se encaixava no conceito de \u201cfora da realidade\u201d que ele explorou nos filmes. \u201cCriamos um universo que \u00e9 o mundo dessa hist\u00f3ria, onde tudo \u00e9 poss\u00edvel conforme as regras criadas para este universo. Para que a gente contasse essa hist\u00f3ria do jeito que quer\u00edamos, precis\u00e1vamos fazer em um lugar que n\u00e3o fosse facilmente reconhec\u00edvel, que quebraria a imers\u00e3o. E no Lajedo encontramos exatamente o que quer\u00edamos\u201d, analisa Manuel.<\/p>\n\n\n\n<p>\u201cTower of Glass\u201d foi o primeiro trabalho internacional da dupla de atores brasileiros que estrelam os v\u00eddeos. Larissa Porto e Saulo Rocha \u2013 que coincidentemente j\u00e1 se conheciam e trabalham juntos \u2013 tamb\u00e9m concordam com Manuel quanto \u00e0 energia que emana do local.<\/p>\n\n\n\n<p>\u201cA paisagem do Lajedo parece um sonho. \u00c9 um lugar m\u00e1gico e transformador. A gente acordava de madrugada e via o nascer do sol naquela paisagem, com aquele c\u00e9u. A ancestralidade daquele espa\u00e7o, das pessoas que passaram por ali, me contagiou e tudo isso contribuiu para que sa\u00edsse um trabalho t\u00e3o bonito\u201d, diz Larissa.<\/p>\n\n\n\n<p>A atriz foi a primeira selecionada para o clipe e Saulo foi indicado em seguida. Ambos se conhecem h\u00e1 anos e fazem parte da mesma companhia de teatro no Rio de Janeiro. Para ele, a sinergia do clipe com o trabalho autoral da companhia foi instant\u00e2nea.<\/p>\n\n\n\n<p>\u201cDe certa forma, era como se as coisas que a gente j\u00e1 faz na Teatro de Afeto se encaixasse na proposta do diretor e da banda. O roteiro falava da quest\u00e3o do tempo, que escapa pelos dedos. No nosso primeiro trabalho no teatro, o texto foi todo baseado em como as sociedades percebem o tempo, ent\u00e3o a gente j\u00e1 tinha essa rela\u00e7\u00e3o, este estudo, essa pesquisa corporal e quando mostramos pra ele, tudo se encaixou. Foi como se a banda, o diretor e a gente estiv\u00e9ssemos trabalhando na obra, paralelamente e sem saber\u201d, relata Saulo.<\/p>\n\n\n\n<p>Nos filmes, os atores fazem n\u00fameros de dan\u00e7a e de teatro que fazem parte do repert\u00f3rio autoral deles, tudo voltado para a mensagem que eles querem passar. \u201cTem toda esta quest\u00e3o do autoconhecimento, das formas de afeto e como o afeto transforma. A gente vive em um mundo onde as coisas est\u00e3o duras, as pessoas muito tensas. Queremos mostrar que \u00e9 importante ter este contato, esse tato com o outro. N\u00e3o deixar que o tempo leve esta conex\u00e3o que faz a gente seguir forte\u201d, completa Larissa.<\/p>\n\n\n\n<p>Na avalia\u00e7\u00e3o do compositor da m\u00fasica, a liberdade individual dos atores foi a chave para o processo produtivo. \u201cEles foram escolhidos por causa do que poderiam acrescentar ao filme, algo que vai al\u00e9m da pr\u00e9-concep\u00e7\u00e3o sobre como a m\u00fasica deveria ser apresentada. Os dois t\u00eam um carisma \u00fanico, poderoso. Quando eu os encontrei na estreia do filme, senti como se j\u00e1 os conhecesse h\u00e1 mil anos\u201d, comenta Daniel Hunt.<\/p>\n\n\n\n<p><strong>Cen\u00e1rio rico e aut\u00eantico<\/strong><\/p>\n\n\n\n<p>A cidade de Cabaceiras tem pouco mais de 5 mil habitantes e fica a 180 quil\u00f4metros de Jo\u00e3o Pessoa. A cidade se tornou popular depois de ser \u201cdescoberta\u201d por cineastas interessados nos cen\u00e1rios naturais t\u00edpicos do semi\u00e1rido e na boa luminosidade, que permitia mais tempo de filmagem por dia.<\/p>\n\n\n\n<p>Desde ent\u00e3o a cidade virou set de filmagens para mais de 30 produ\u00e7\u00f5es audiovisuais. A voca\u00e7\u00e3o para o cinema e o clima seco semelhante \u00e0 Hollywood original nos EUA rendeu o t\u00edtulo de \u201cRoli\u00fade Nordestina\u201d para o munic\u00edpio.<\/p>\n\n\n\n<p>Para o cineasta, a regi\u00e3o tem potencial para crescer a n\u00edvel global, n\u00e3o s\u00f3 pelas paisagens mas tamb\u00e9m por, apesar de ser no interior, ter facilidade log\u00edstica para a realiza\u00e7\u00e3o de produ\u00e7\u00f5es audiovisuais.<\/p>\n\n\n\n<p>\u201cTem muita hist\u00f3ria poss\u00edvel para ser contada neste lugar, muita interpreta\u00e7\u00e3o diferente para esta regi\u00e3o, para esta cultura, para os elementos est\u00e9ticos que s\u00e3o s\u00f3 deste lugar. \u00c9 um lugar lindo, que pode ser explorado por produ\u00e7\u00f5es que fogem dos clich\u00eas. Qualquer narrativa pode ser encaixada neste lugar t\u00e3o rico e t\u00e3o aut\u00eantico. Quanto mais o Brasil conseguir se descentralizar e entender estas identidades como pot\u00eancias de criar mensagem, mais a gente vai crescer no setor audiovisual\u201d, completa o diretor.<\/p>\n\n\n\n<p>O compositor da faixa n\u00e3o p\u00f4de participar das filmagens na Para\u00edba pois estava na Europa no momento da grava\u00e7\u00e3o. Daniel Hunt mora em S\u00e3o Paulo h\u00e1 v\u00e1rios anos e contou que apesar disso n\u00e3o conhece ainda a Para\u00edba, mas tem desejo de conhecer. \u201cEu j\u00e1 tive v\u00e1rias experi\u00eancias maravilhosas no Nordeste e ainda assim conhe\u00e7o pouco desta regi\u00e3o. Quero e preciso conhecer mais, saber mais da cena cultural da Para\u00edba, especialmente agora. Talvez este seja o momento para isso\u201d, comenta o m\u00fasico.<\/p>\n\n\n\n<p><strong>Mais filmes<\/strong><\/p>\n\n\n\n<p>\u201cTower of Glass\u201d faz parte do disco \u201cLadytron\u201d, sexto \u00e1lbum do quarteto de Liverpool lan\u00e7ado em 2019. O disco \u00e9 o primeiro disco de in\u00e9ditas da banda desde \u201cGravity The Seducer\u201d, de 2011, quando a Ladytron entrou em hiato. Durante o per\u00edodo, os integrantes da banda continuaram a produzir, em seus projetos pessoais [Daniel chegou a montar uma banda no Brasil durante esta \u00e9poca].<\/p>\n\n\n\n<p>O v\u00eddeo \u00e9 o quinto feito para a divulga\u00e7\u00e3o das faixas do \u00e1lbum e o segundo gravado no Brasil. Hunt conta que a banda ainda pretende produzir mais. \u201cN\u00f3s ainda temos mais um v\u00eddeo planejado para a m\u00fasica \u2018Far from Home\u2019, que tamb\u00e9m vai se filmado no Brasil, mas ainda n\u00e3o come\u00e7amos. Depois vamos partir para outros filmes. Ap\u00f3s tanto tempo, n\u00f3s queremos fazer quantos v\u00eddeos sejam poss\u00edveis e ainda h\u00e1 muito espa\u00e7o para ser explorado neste \u00e1lbum. \u00c9 uma abordagem diferente do que fizemos no passado. N\u00f3s n\u00e3o estamos mais interessados em videoclipes convencionais\u201d, conta.<\/p>\n\n\n\n<p>Em 2019 a Ladytron fez shows de divulga\u00e7\u00e3o na Europa e para 2020 h\u00e1 pelo menos outros tr\u00eas shows marcados na Inglaterra. A banda tamb\u00e9m n\u00e3o parou de compor e prev\u00ea novidades. \u201cEm breve vamos anunciar novos shows para este ano. Sobre o Brasil, n\u00f3s iremos amar tocar aqui novamente\u201d, completa o m\u00fasico.<\/p>\n\n\n\n<p>G1 Para\u00edba<\/p>\n","protected":false},"excerpt":{"rendered":"<p>Cen\u00e1rio eternizado em produ\u00e7\u00f5es audiovisuais brasileiras como o filme \u201cCinema, Aspirinas e Urubus\u201d e a s\u00e9rie \u201cOnde Nascem os Fortes\u201d, o Lajedo de Pai Mateus,&hellip; <\/p>\n","protected":false},"author":2,"featured_media":155005,"comment_status":"closed","ping_status":"closed","sticky":false,"template":"","format":"standard","meta":{"sfsi_plus_gutenberg_text_before_share":"","sfsi_plus_gutenberg_show_text_before_share":"","sfsi_plus_gutenberg_icon_type":"","sfsi_plus_gutenberg_icon_alignemt":"","sfsi_plus_gutenburg_max_per_row":"","footnotes":""},"categories":[2],"tags":[],"class_list":["post-155004","post","type-post","status-publish","format-standard","has-post-thumbnail","hentry","category-geral"],"_links":{"self":[{"href":"https:\/\/www.caririemacao.com\/1\/wp-json\/wp\/v2\/posts\/155004","targetHints":{"allow":["GET"]}}],"collection":[{"href":"https:\/\/www.caririemacao.com\/1\/wp-json\/wp\/v2\/posts"}],"about":[{"href":"https:\/\/www.caririemacao.com\/1\/wp-json\/wp\/v2\/types\/post"}],"author":[{"embeddable":true,"href":"https:\/\/www.caririemacao.com\/1\/wp-json\/wp\/v2\/users\/2"}],"replies":[{"embeddable":true,"href":"https:\/\/www.caririemacao.com\/1\/wp-json\/wp\/v2\/comments?post=155004"}],"version-history":[{"count":1,"href":"https:\/\/www.caririemacao.com\/1\/wp-json\/wp\/v2\/posts\/155004\/revisions"}],"predecessor-version":[{"id":155006,"href":"https:\/\/www.caririemacao.com\/1\/wp-json\/wp\/v2\/posts\/155004\/revisions\/155006"}],"wp:featuredmedia":[{"embeddable":true,"href":"https:\/\/www.caririemacao.com\/1\/wp-json\/wp\/v2\/media\/155005"}],"wp:attachment":[{"href":"https:\/\/www.caririemacao.com\/1\/wp-json\/wp\/v2\/media?parent=155004"}],"wp:term":[{"taxonomy":"category","embeddable":true,"href":"https:\/\/www.caririemacao.com\/1\/wp-json\/wp\/v2\/categories?post=155004"},{"taxonomy":"post_tag","embeddable":true,"href":"https:\/\/www.caririemacao.com\/1\/wp-json\/wp\/v2\/tags?post=155004"}],"curies":[{"name":"wp","href":"https:\/\/api.w.org\/{rel}","templated":true}]}}