{"id":155009,"date":"2020-02-24T15:43:05","date_gmt":"2020-02-24T18:43:05","guid":{"rendered":"http:\/\/www.caririemacao.com\/1\/?p=155009"},"modified":"2020-02-24T15:44:29","modified_gmt":"2020-02-24T18:44:29","slug":"onibus-de-cantora-de-forro-pega-fogo-durante-viagem","status":"publish","type":"post","link":"https:\/\/www.caririemacao.com\/1\/2020\/02\/24\/onibus-de-cantora-de-forro-pega-fogo-durante-viagem\/","title":{"rendered":"\u00d4nibus de cantora de forr\u00f3 pega fogo durante viagem"},"content":{"rendered":"\n<p>O \u00f4nibus da cantora cearense Viviane Brasil pegou fogo, neste domingo (23), durante uma viagem em Pastos Bons, no Maranh\u00e3o. De acordo com informa\u00e7\u00f5es, o ve\u00edculo&nbsp;sofreu problemas mec\u00e2nicos e pegou fogo.<\/p>\n\n\n\n<p>Viviane cantou um evento carnavalesco em Tasso Fragoso, no s\u00e1bado (22). No&nbsp;domingo, ela era atra\u00e7\u00e3o em Carnaval na cidade de Chapadinha.<\/p>\n\n\n\n<p>De acordo com o empres\u00e1rio da banda est\u00e3o todos bens, mas n\u00e3o deu maiores detalhes do ocorrido.&nbsp;<\/p>\n","protected":false},"excerpt":{"rendered":"<p>O \u00f4nibus da cantora cearense Viviane Brasil pegou fogo, neste domingo (23), durante uma viagem em Pastos Bons, no Maranh\u00e3o. De acordo com informa\u00e7\u00f5es, o&hellip; <\/p>\n","protected":false},"author":2,"featured_media":155010,"comment_status":"closed","ping_status":"closed","sticky":false,"template":"","format":"standard","meta":{"sfsi_plus_gutenberg_text_before_share":"","sfsi_plus_gutenberg_show_text_before_share":"","sfsi_plus_gutenberg_icon_type":"","sfsi_plus_gutenberg_icon_alignemt":"","sfsi_plus_gutenburg_max_per_row":"","footnotes":""},"categories":[2],"tags":[],"class_list":["post-155009","post","type-post","status-publish","format-standard","has-post-thumbnail","hentry","category-geral"],"_links":{"self":[{"href":"https:\/\/www.caririemacao.com\/1\/wp-json\/wp\/v2\/posts\/155009","targetHints":{"allow":["GET"]}}],"collection":[{"href":"https:\/\/www.caririemacao.com\/1\/wp-json\/wp\/v2\/posts"}],"about":[{"href":"https:\/\/www.caririemacao.com\/1\/wp-json\/wp\/v2\/types\/post"}],"author":[{"embeddable":true,"href":"https:\/\/www.caririemacao.com\/1\/wp-json\/wp\/v2\/users\/2"}],"replies":[{"embeddable":true,"href":"https:\/\/www.caririemacao.com\/1\/wp-json\/wp\/v2\/comments?post=155009"}],"version-history":[{"count":1,"href":"https:\/\/www.caririemacao.com\/1\/wp-json\/wp\/v2\/posts\/155009\/revisions"}],"predecessor-version":[{"id":155011,"href":"https:\/\/www.caririemacao.com\/1\/wp-json\/wp\/v2\/posts\/155009\/revisions\/155011"}],"wp:featuredmedia":[{"embeddable":true,"href":"https:\/\/www.caririemacao.com\/1\/wp-json\/wp\/v2\/media\/155010"}],"wp:attachment":[{"href":"https:\/\/www.caririemacao.com\/1\/wp-json\/wp\/v2\/media?parent=155009"}],"wp:term":[{"taxonomy":"category","embeddable":true,"href":"https:\/\/www.caririemacao.com\/1\/wp-json\/wp\/v2\/categories?post=155009"},{"taxonomy":"post_tag","embeddable":true,"href":"https:\/\/www.caririemacao.com\/1\/wp-json\/wp\/v2\/tags?post=155009"}],"curies":[{"name":"wp","href":"https:\/\/api.w.org\/{rel}","templated":true}]}}