{"id":155013,"date":"2020-02-24T15:47:24","date_gmt":"2020-02-24T18:47:24","guid":{"rendered":"http:\/\/www.caririemacao.com\/1\/?p=155013"},"modified":"2020-02-24T15:47:26","modified_gmt":"2020-02-24T18:47:26","slug":"eleicoes-de-2020-trazem-novas-regras-e-preveem-limitacao-no-autofinanciamento","status":"publish","type":"post","link":"https:\/\/www.caririemacao.com\/1\/2020\/02\/24\/eleicoes-de-2020-trazem-novas-regras-e-preveem-limitacao-no-autofinanciamento\/","title":{"rendered":"Elei\u00e7\u00f5es de 2020 trazem novas regras e preveem limita\u00e7\u00e3o no autofinanciamento"},"content":{"rendered":"\n<p>Mais de 153 milh\u00f5es de eleitores v\u00e3o \u00e0s urnas neste ano para eleger prefeitos e vereadores. Criminaliza\u00e7\u00e3o de fake news, boca de urna eletr\u00f4nica e restri\u00e7\u00f5es aplicadas \u00e0s campanhas podem aumentar n\u00famero de den\u00fancias e acirrar o pleito. Outra novidade prevista pelo advogado Marcelo Weick, coordenador geral da Academia Brasileira de Direito Eleitoral (Abradep) \u00e9 a limita\u00e7\u00e3o do chamado autofinanciamento das campanhas.<\/p>\n\n\n\n<p>Em outubro deste ano, mais de 153 milh\u00f5es de eleitores devem ir \u00e0s urnas para eleger prefeitos, vice-prefeitos e vereadores. A quase 10 meses das elei\u00e7\u00f5es municipais, pr\u00e9-candidatos come\u00e7am a se organizar nos estados, e as elei\u00e7\u00f5es movimentam os bastidores da pol\u00edtica. Neste ano, o pleito ter\u00e1 regras novas, muitas delas criadas em raz\u00e3o da populariza\u00e7\u00e3o das redes sociais ou em decorr\u00eancia de problemas identificados pela Justi\u00e7a Eleitoral em experi\u00eancias internacionais e nacionais. A principal altera\u00e7\u00e3o se refere \u00e0s campanhas pela internet e \u00e0s fake news. Apesar de a vota\u00e7\u00e3o ocorrer apenas em outubro, o lan\u00e7amento de pr\u00e9-candidatos est\u00e1 autorizado, e pol\u00edticos e partidos devem observar as regras para n\u00e3o infringirem a legisla\u00e7\u00e3o.<\/p>\n\n\n\n<p>A pr\u00e1tica de fake news com fins eleitorais foi criminalizada no ano passado. Pode ser preso e at\u00e9 ter a candidatura suspensa o concorrente que espalhar informa\u00e7\u00f5es inver\u00eddicas sobre a campanha de advers\u00e1rios, com o intuito de ganhar vantagem na disputa. Em junho, o Congresso aprovou pena de dois a oito anos de pris\u00e3o para quem cometer essa pr\u00e1tica, inclusive eleitores. A puni\u00e7\u00e3o foi vetada pelo presidente Jair Bolsonaro, mas o Parlamento derrubou o veto e alterou a decis\u00e3o promulgada em lei. A legisla\u00e7\u00e3o prev\u00ea puni\u00e7\u00e3o para \u201cquem, comprovadamente ciente da inoc\u00eancia do denunciado e com finalidade eleitoral, divulga ou propaga, por qualquer meio ou forma, o ato ou fato que lhe foi falsamente atribu\u00eddo\u201d.<\/p>\n\n\n\n<p>Para Marcelo Weick, nas elei\u00e7\u00f5es deste ano, em mat\u00e9ria de financiamento de campanha eleitoral, a grande novidade \u00e9 a limita\u00e7\u00e3o do chamado autofinanciamento (quando o candidato investe recursos pr\u00f3prios na sua campanha). Ele destacou, que para as elei\u00e7\u00f5es de 2020 nenhum candidato pode investir mais de 10% do limite global autorizado pelo TSE para o cargo que est\u00e1 a disputar. \u201cSinceramente, n\u00e3o acredito que isto v\u00e1 baratear as campanhas eleitorais deste ano, mas apenas dificultar que candidatos que n\u00e3o fazem parte das prefer\u00eancias dos dirigentes partid\u00e1rios possam viabilizar suas respectivas campanhas, seja a vereador ou a prefeito\u201d, comentou Weick.<\/p>\n\n\n\n<p>Fonte: Para\u00edba Agora<\/p>\n","protected":false},"excerpt":{"rendered":"<p>Mais de 153 milh\u00f5es de eleitores v\u00e3o \u00e0s urnas neste ano para eleger prefeitos e vereadores. Criminaliza\u00e7\u00e3o de fake news, boca de urna eletr\u00f4nica e&hellip; <\/p>\n","protected":false},"author":2,"featured_media":838,"comment_status":"closed","ping_status":"closed","sticky":false,"template":"","format":"standard","meta":{"sfsi_plus_gutenberg_text_before_share":"","sfsi_plus_gutenberg_show_text_before_share":"","sfsi_plus_gutenberg_icon_type":"","sfsi_plus_gutenberg_icon_alignemt":"","sfsi_plus_gutenburg_max_per_row":"","footnotes":""},"categories":[11],"tags":[],"class_list":["post-155013","post","type-post","status-publish","format-standard","has-post-thumbnail","hentry","category-politica"],"_links":{"self":[{"href":"https:\/\/www.caririemacao.com\/1\/wp-json\/wp\/v2\/posts\/155013","targetHints":{"allow":["GET"]}}],"collection":[{"href":"https:\/\/www.caririemacao.com\/1\/wp-json\/wp\/v2\/posts"}],"about":[{"href":"https:\/\/www.caririemacao.com\/1\/wp-json\/wp\/v2\/types\/post"}],"author":[{"embeddable":true,"href":"https:\/\/www.caririemacao.com\/1\/wp-json\/wp\/v2\/users\/2"}],"replies":[{"embeddable":true,"href":"https:\/\/www.caririemacao.com\/1\/wp-json\/wp\/v2\/comments?post=155013"}],"version-history":[{"count":1,"href":"https:\/\/www.caririemacao.com\/1\/wp-json\/wp\/v2\/posts\/155013\/revisions"}],"predecessor-version":[{"id":155014,"href":"https:\/\/www.caririemacao.com\/1\/wp-json\/wp\/v2\/posts\/155013\/revisions\/155014"}],"wp:featuredmedia":[{"embeddable":true,"href":"https:\/\/www.caririemacao.com\/1\/wp-json\/wp\/v2\/media\/838"}],"wp:attachment":[{"href":"https:\/\/www.caririemacao.com\/1\/wp-json\/wp\/v2\/media?parent=155013"}],"wp:term":[{"taxonomy":"category","embeddable":true,"href":"https:\/\/www.caririemacao.com\/1\/wp-json\/wp\/v2\/categories?post=155013"},{"taxonomy":"post_tag","embeddable":true,"href":"https:\/\/www.caririemacao.com\/1\/wp-json\/wp\/v2\/tags?post=155013"}],"curies":[{"name":"wp","href":"https:\/\/api.w.org\/{rel}","templated":true}]}}