{"id":155016,"date":"2020-02-24T15:49:05","date_gmt":"2020-02-24T18:49:05","guid":{"rendered":"http:\/\/www.caririemacao.com\/1\/?p=155016"},"modified":"2020-02-24T15:49:07","modified_gmt":"2020-02-24T18:49:07","slug":"viradouro-grande-rio-e-portela-se-destacam-no-1-dia-de-desfiles","status":"publish","type":"post","link":"https:\/\/www.caririemacao.com\/1\/2020\/02\/24\/viradouro-grande-rio-e-portela-se-destacam-no-1-dia-de-desfiles\/","title":{"rendered":"Viradouro, Grande Rio e Portela se destacam no 1\u00b0 dia de desfiles"},"content":{"rendered":"\n<p>O samb\u00f3dromo da Sapuca\u00ed amanheceu em seu primeiro dia de desfiles, neste domingo (24), com tr\u00eas grandes destaques: Viradouro, Grande Rio e Portela. Elas levantaram a plateia com enredos sobre ra\u00edzes da cultura popular e surpreenderam na riqueza de fantasias e alegorias.<\/p>\n\n\n\n<p>A Viradouro foi a segunda escola a entrar e \u201clavou a alma\u201d do p\u00fablico com uma apresenta\u00e7\u00e3o impec\u00e1vel que j\u00e1 come\u00e7ou com uma sereia dentro de um aqu\u00e1rio. Era a nadadora Anna Veloso. \u201cS\u00f3 uma atleta com muito preparo f\u00edsico poderia estar ali. Mas quando o tanque fica escondido \u00e9 hora de ela respirar\u201d, disse o core\u00f3grafo Alex Neoral.<\/p>\n\n\n\n<p>A traseira do abre-alas tamb\u00e9m estava abastecida de \u00e1gua, mas com perfume da \u00e1gua de cheiro da Bahia. O enredo era \u201cViradouro de Alma Lavada\u201d, homenageando as ganhadeiras da Lagoa do Abaet\u00e9, em Salvador, e resgatando suas hist\u00f3rias e seu empreendedorismo.<\/p>\n\n\n\n<p>A escola contou a forma criativa como gera\u00e7\u00f5es de lavadeiras ganharam a vida se revezando entre o trabalho nas margens da lagoa e perambulando pela capital baiana com cestos de produtos variados. Com os lucros, acabaram ajudando a alforriar muitos escravos.<\/p>\n\n\n\n<p>Um pequeno deslize prejudicou o final da apresenta\u00e7\u00e3o: o \u00faltimo carro teve um defeito e as luzes dos refletores falharam. Mas o efeito do movimento dos bra\u00e7os de uma ganhadeira levantando uma roupa do cesto foi um diferencial.<\/p>\n\n\n\n<p>J\u00e1 a Grande Rio, quinta a pisar na Sapuca\u00ed, fez o p\u00fablico balan\u00e7ar durante quase todo o desfile bandeirinhas com o verde, o vermelho e o branco da escola.<\/p>\n\n\n\n<p>O enredo contou a hist\u00f3ria de Jo\u00e3ozinho da Gomeia, o mais famoso pai de santo da cidade de origem da agremia\u00e7\u00e3o, Duque de Caxias, na Baixada Fluminense. Ele foi retratado como um l\u00edder religioso negro, homossexual e nordestino.<\/p>\n\n\n\n<p>Teve carros ricos, fantasias elaboradas e muita cor. As paradinhas da bateria foram outro fator respons\u00e1vel por animar o p\u00fablico, que cantava junto o refr\u00e3o: \u201cPelo amor de Deus, pelo amor que h\u00e1 na f\u00e9 \/ Eu respeito seu am\u00e9m \/ Voc\u00ea respeita o meu ax\u00e9\u201d, falando da intoler\u00e2ncia religiosa.<\/p>\n\n\n\n<p>Mas a Grande Rio, assim como a Uni\u00e3o da Ilha, teve uma falha grande quando seu primeiro carro empacou, provocando um atraso e um buraco no desfile. Homens tiveram que empurrar a enorme alegoria e uma correria tomou as alas seguintes, depois normalizadas.<\/p>\n\n\n\n<p>Maior campe\u00e3 do Grupo Especial do Rio, segundo ranking da Prefeitura do Rio, a Portela encerrou o primeiro dia de desfiles com o enredo \u201cGuajupi\u00e1, terra sem males\u201d e uma apresenta\u00e7\u00e3o considerada deslumbrante e aplaudida pelo p\u00fablico.<\/p>\n\n\n\n<p>Guajupi\u00e1 era para os \u00edndios tupinamb\u00e1s o que Olimpo era para os gregos: um para\u00edso a ser alcan\u00e7ado. E eles juraram ter encontrado esse lugar nas terras hoje cariocas.<\/p>\n\n\n\n<p>Tudo fluiu na apresenta\u00e7\u00e3o da escola, que desfilou com o dia j\u00e1 amanhecendo. O uso de uma paleta de cores vibrantes e luminosas, baseadas no tradicional azul da escola, foi muito eficiente para conseguir destacar a apresenta\u00e7\u00e3o na Sapuca\u00ed.<\/p>\n\n\n\n<p>Tamb\u00e9m contribu\u00edram para a popularidade da escola o refr\u00e3o-chiclete e uma \u00e1guia brilhante fazendo barulho com asas que se moviam no primeiro carro, retratando o tal para\u00edso que os \u00edndios viram ao chegar no Rio de Janeiro.<\/p>\n\n\n\n<p>No geral, o primeiro dia da Sapuca\u00ed teve muitas cr\u00edticas \u00e0 viol\u00eancia policial e a outros temas sociais.<\/p>\n\n\n\n<p>\u00daltima campe\u00e3 do Carnaval carioca, a Mangueira empolgou menos do que o esperado com um enredo repleto de cr\u00edticas pol\u00edticas, principalmente \u00e0 direita, por meio da hist\u00f3ria de um Jesus de \u201crosto negro, sangue \u00edndio e corpo de mulher\u201d.<\/p>\n\n\n\n<p>A comiss\u00e3o de frente chegou impactante, com policiais truculentos revistando e agredindo os dan\u00e7arinos (muitos deles negros) e at\u00e9 o pr\u00f3prio Cristo, que aparece em sua forma mais conhecida, de pele branca e cabelos e barba compridos.<\/p>\n\n\n\n<p>A Uni\u00e3o da Ilha colocou homens de terno com a faixa presidencial sentados no trono (o de porcelana, e n\u00e3o o de ouro). E a Portela dizia no refr\u00e3o: \u201cNossa aldeia \u00e9 sem partido ou fac\u00e7\u00e3o \/ N\u00e3o tem bispo, nem se curva a capit\u00e3o\u201d.<\/p>\n\n\n\n<p>A Para\u00edso do Tuiuti fez um desfile luxuoso para celebrar a uni\u00e3o de dois mitos: o rei portugu\u00eas Dom Sebasti\u00e3o e o santo padroeiro do Rio de Janeiro. Mas a parte final do desfile foi acelerada, prejudicando a evolu\u00e7\u00e3o.<\/p>\n\n\n\n<p>As escolas fizeram desfiles muito coloridos e pouco respeitaram as cores das suas bandeiras, como faziam tradicionalmente. As alas coreografadas foram outra t\u00f4nica \u2014s\u00f3 a Viradouro tinha seis delas. A cultura afro foi, de uma forma ou de outra, tema un\u00e2nime.<\/p>\n\n\n\n<p>No segundo dia de desfile do Grupo Especial, que come\u00e7a na noite desta segunda (24), \u00e9 grande o favoritismo de Mocidade, com Elza Soares; Salgueiro, com a hist\u00f3ria do palha\u00e7o Benjamin de Oliveita, e Beija-Flor, que mostrar\u00e1 os caminhos trilhados pelo homem. Tamb\u00e9m se apresentam S\u00e3o Clemente, Vila Isabel e Unidos da Tijuca, que volta a ter um desfile assinado pelo carnavalesco Paulo Barros.<br><\/p>\n","protected":false},"excerpt":{"rendered":"<p>O samb\u00f3dromo da Sapuca\u00ed amanheceu em seu primeiro dia de desfiles, neste domingo (24), com tr\u00eas grandes destaques: Viradouro, Grande Rio e Portela. Elas levantaram&hellip; <\/p>\n","protected":false},"author":2,"featured_media":155017,"comment_status":"closed","ping_status":"closed","sticky":false,"template":"","format":"standard","meta":{"sfsi_plus_gutenberg_text_before_share":"","sfsi_plus_gutenberg_show_text_before_share":"","sfsi_plus_gutenberg_icon_type":"","sfsi_plus_gutenberg_icon_alignemt":"","sfsi_plus_gutenburg_max_per_row":"","footnotes":""},"categories":[2],"tags":[],"class_list":["post-155016","post","type-post","status-publish","format-standard","has-post-thumbnail","hentry","category-geral"],"_links":{"self":[{"href":"https:\/\/www.caririemacao.com\/1\/wp-json\/wp\/v2\/posts\/155016","targetHints":{"allow":["GET"]}}],"collection":[{"href":"https:\/\/www.caririemacao.com\/1\/wp-json\/wp\/v2\/posts"}],"about":[{"href":"https:\/\/www.caririemacao.com\/1\/wp-json\/wp\/v2\/types\/post"}],"author":[{"embeddable":true,"href":"https:\/\/www.caririemacao.com\/1\/wp-json\/wp\/v2\/users\/2"}],"replies":[{"embeddable":true,"href":"https:\/\/www.caririemacao.com\/1\/wp-json\/wp\/v2\/comments?post=155016"}],"version-history":[{"count":1,"href":"https:\/\/www.caririemacao.com\/1\/wp-json\/wp\/v2\/posts\/155016\/revisions"}],"predecessor-version":[{"id":155018,"href":"https:\/\/www.caririemacao.com\/1\/wp-json\/wp\/v2\/posts\/155016\/revisions\/155018"}],"wp:featuredmedia":[{"embeddable":true,"href":"https:\/\/www.caririemacao.com\/1\/wp-json\/wp\/v2\/media\/155017"}],"wp:attachment":[{"href":"https:\/\/www.caririemacao.com\/1\/wp-json\/wp\/v2\/media?parent=155016"}],"wp:term":[{"taxonomy":"category","embeddable":true,"href":"https:\/\/www.caririemacao.com\/1\/wp-json\/wp\/v2\/categories?post=155016"},{"taxonomy":"post_tag","embeddable":true,"href":"https:\/\/www.caririemacao.com\/1\/wp-json\/wp\/v2\/tags?post=155016"}],"curies":[{"name":"wp","href":"https:\/\/api.w.org\/{rel}","templated":true}]}}