{"id":155022,"date":"2020-02-25T06:44:12","date_gmt":"2020-02-25T09:44:12","guid":{"rendered":"http:\/\/www.caririemacao.com\/1\/?p=155022"},"modified":"2020-02-25T06:44:14","modified_gmt":"2020-02-25T09:44:14","slug":"brasil-aumenta-alerta-por-suspeita-de-novo-coronavirus","status":"publish","type":"post","link":"https:\/\/www.caririemacao.com\/1\/2020\/02\/25\/brasil-aumenta-alerta-por-suspeita-de-novo-coronavirus\/","title":{"rendered":"Brasil aumenta alerta por suspeita de novo coronav\u00edrus"},"content":{"rendered":"\n<p>O Minist\u00e9rio da Sa\u00fade ampliou nesta segunda-feira (24) o n\u00famero de pa\u00edses em alerta para investigar casos de suspeita de infec\u00e7\u00e3o pelo novo coronav\u00edrus.<\/p>\n\n\n\n<p>Entraram na lista Austr\u00e1lia, Filipinas, Mal\u00e1sia, It\u00e1lia, Alemanha, Fran\u00e7a, Ir\u00e3 e Emirados \u00c1rabes.<\/p>\n\n\n\n<p>At\u00e9 sexta-feira (21),&nbsp;a defini\u00e7\u00e3o de casos suspeitos inclu\u00eda apenas pacientes com febre e outros sintomas respirat\u00f3rios, al\u00e9m de hist\u00f3rico de viagens \u00e0 China em at\u00e9 14 dias antes do in\u00edcio dos sintomas.<\/p>\n\n\n\n<p>Al\u00e9m de China, j\u00e1 estavam na lista Jap\u00e3o,&nbsp;Coreia do Sul, Coreia do Norte, Singapura, Vietn\u00e3, Tail\u00e2ndia e Camboja.<br>Pessoas com hist\u00f3rico de viagem para esses pa\u00edses e com sintomas agora ser\u00e3o tratadas como casos suspeitos. Ainda n\u00e3o h\u00e1 previs\u00e3o de medidas restritivas.<\/p>\n\n\n\n<p>Nesta segunda (24), a It\u00e1lia adotou medidas dr\u00e1sticas para conter a dissemina\u00e7\u00e3o do novo coronav\u00edrus. O pa\u00eds registrou a s\u00e9tima morte pelo novo v\u00edrus e e j\u00e1 s\u00e3o mais de 220 casos positivos.<\/p>\n\n\n\n<p>A \u00faltima morte confirmada \u00e9 a de um homem de 80 anos que sofreu um ataque card\u00edaco.&nbsp;Ele estava hospitalizado desde a \u00faltima semana em Lodi, na regi\u00e3o da Lombardia. Segundo os m\u00e9dicos, ele deve ter contra\u00eddo o v\u00edrus de outro paciente.<\/p>\n\n\n\n<p>Todas as mortes, ao menos por enquanto, s\u00e3o de pessoas idosas. Ao menos tr\u00eas tinham problemas graves de sa\u00fade. Autoridades da Uni\u00e3o Europeia, contudo,&nbsp;pedem que medidas dr\u00e1sticas sejam evitadas.<\/p>\n\n\n\n<p>Na \u00faltima sexta (21), o Minist\u00e9rio da Sa\u00fade j\u00e1 havia feito uma amplia\u00e7\u00e3o com a justificativa do aumento de no n\u00famero de novos casos fora da China e \u00e0 chegada do Carnaval, quando h\u00e1 maior vinda de turistas ao pa\u00eds.<br>Dados da OMS (Organiza\u00e7\u00e3o Mundial da Sa\u00fade) apontam, segundo a pasta, 79.407 casos confirmados de covid-19&nbsp;(doen\u00e7a causada pelo novo coronav\u00edrus)&nbsp;no mundo. Foram contabilizadas 2.622 mortes.<\/p>\n\n\n\n<p>Jap\u00e3o, Coreia do Sul e Singapura registram maior n\u00famero de casos fora da China e t\u00eam registrado aumento nos registros.<\/p>\n\n\n\n<p>Recentemente, a OMS instituiu quarentena para 9.000 pessoas na Coreia do Sul.<\/p>\n\n\n\n<p>At\u00e9 o momento, o Brasil n\u00e3o tem casos confirmados de infec\u00e7\u00e3o pelo novo coronav\u00edrus.<\/p>\n\n\n\n<p>Quatro casos s\u00e3o investigados no momento no pa\u00eds, tr\u00eas nem S\u00e3o Paulo e um no Rio de Janeiro. J\u00e1 foram descartadas 53 suspeitas.<\/p>\n\n\n\n<p>Entre os pacientes com suspeita de coronav\u00edrus no pa\u00eds, h\u00e1 tr\u00eas homens e uma mulher.<br>Um dos pacientes veio da China para S\u00e3o Paulo e dois do Jap\u00e3o. No caso do Rio de Janeiro, o paciente esteve na Tail\u00e2ndia.<\/p>\n","protected":false},"excerpt":{"rendered":"<p>O Minist\u00e9rio da Sa\u00fade ampliou nesta segunda-feira (24) o n\u00famero de pa\u00edses em alerta para investigar casos de suspeita de infec\u00e7\u00e3o pelo novo coronav\u00edrus. Entraram&hellip; <\/p>\n","protected":false},"author":2,"featured_media":155023,"comment_status":"closed","ping_status":"closed","sticky":false,"template":"","format":"standard","meta":{"sfsi_plus_gutenberg_text_before_share":"","sfsi_plus_gutenberg_show_text_before_share":"","sfsi_plus_gutenberg_icon_type":"","sfsi_plus_gutenberg_icon_alignemt":"","sfsi_plus_gutenburg_max_per_row":"","footnotes":""},"categories":[50,16],"tags":[],"class_list":["post-155022","post","type-post","status-publish","format-standard","has-post-thumbnail","hentry","category-destaque","category-saude"],"_links":{"self":[{"href":"https:\/\/www.caririemacao.com\/1\/wp-json\/wp\/v2\/posts\/155022","targetHints":{"allow":["GET"]}}],"collection":[{"href":"https:\/\/www.caririemacao.com\/1\/wp-json\/wp\/v2\/posts"}],"about":[{"href":"https:\/\/www.caririemacao.com\/1\/wp-json\/wp\/v2\/types\/post"}],"author":[{"embeddable":true,"href":"https:\/\/www.caririemacao.com\/1\/wp-json\/wp\/v2\/users\/2"}],"replies":[{"embeddable":true,"href":"https:\/\/www.caririemacao.com\/1\/wp-json\/wp\/v2\/comments?post=155022"}],"version-history":[{"count":1,"href":"https:\/\/www.caririemacao.com\/1\/wp-json\/wp\/v2\/posts\/155022\/revisions"}],"predecessor-version":[{"id":155024,"href":"https:\/\/www.caririemacao.com\/1\/wp-json\/wp\/v2\/posts\/155022\/revisions\/155024"}],"wp:featuredmedia":[{"embeddable":true,"href":"https:\/\/www.caririemacao.com\/1\/wp-json\/wp\/v2\/media\/155023"}],"wp:attachment":[{"href":"https:\/\/www.caririemacao.com\/1\/wp-json\/wp\/v2\/media?parent=155022"}],"wp:term":[{"taxonomy":"category","embeddable":true,"href":"https:\/\/www.caririemacao.com\/1\/wp-json\/wp\/v2\/categories?post=155022"},{"taxonomy":"post_tag","embeddable":true,"href":"https:\/\/www.caririemacao.com\/1\/wp-json\/wp\/v2\/tags?post=155022"}],"curies":[{"name":"wp","href":"https:\/\/api.w.org\/{rel}","templated":true}]}}