{"id":155029,"date":"2020-02-25T06:46:02","date_gmt":"2020-02-25T09:46:02","guid":{"rendered":"http:\/\/www.caririemacao.com\/1\/?p=155029"},"modified":"2020-02-25T06:46:03","modified_gmt":"2020-02-25T09:46:03","slug":"bolsonaro-aproveita-o-carnaval-para-passear-de-moto-em-sao-paulo","status":"publish","type":"post","link":"https:\/\/www.caririemacao.com\/1\/2020\/02\/25\/bolsonaro-aproveita-o-carnaval-para-passear-de-moto-em-sao-paulo\/","title":{"rendered":"Bolsonaro aproveita o Carnaval para passear de moto em S\u00e3o Paulo"},"content":{"rendered":"\n<p>O presidente Jair Bolsonaro aproveitou o Carnaval para passear de moto pelas ruas do Guaruj\u00e1, no litoral paulista, onde est\u00e1 hospedado desde a \u00faltima sexta-feira (21).<\/p>\n\n\n\n<p>Bolsonaro e sua comitiva deixaram o hotel militar do Forte dos Andradas por volta das 16h. Eles ficaram por pouco mais de uma hora fora do local. Durante o per\u00edodo, o presidente dirigiu uma moto Honda modelo XRE 300.<\/p>\n\n\n\n<p>O pol\u00edtico ficou boa parte do passeio em uma padaria na avenida dos Cai\u00e7aras, no bairro Jardim Las Palmas, cumprimentando apoiadores. Depois, j\u00e1 pr\u00f3ximo da fortifica\u00e7\u00e3o, ainda parou para saudar pessoas que estavam na rua em um bar.<\/p>\n\n\n\n<p>Essa n\u00e3o \u00e9 a primeira \u201cescapada\u201d de moto de Bolsonaro nas visitas \u00e0 cidade. Logo em sua primeira visita, em abril do \u00faltimo ano, o presidente ficou por cerca de 20 minutos tirando selfies com apoiadores.<\/p>\n\n\n\n<p>Da outra vez, Bolsonaro foi flagrado circulando com o capacete levantado.&nbsp;Desta vez, a seguran\u00e7a pessoal do presidente e policiais impediram a aproxima\u00e7\u00e3o da imprensa, mas, em ao menos um trecho da viagem, ele estava sem o dispositivo de seguran\u00e7a afivelado.<\/p>\n\n\n\n<p>Maur\u00edcio Januzzi, ex-presidente da Comiss\u00e3o de Tr\u00e2nsito da OAB-SP (Ordem dos Advogados do Brasil), diz que a falha pode ser considerada uma infra\u00e7\u00e3o leve, sujeita a tr\u00eas pontos na CNH e multa de R$ 88,38.<\/p>\n\n\n\n<p>\u201cO presidente cometeu uma infra\u00e7\u00e3o pelo artigo 169 (dirigir sem aten\u00e7\u00e3o ou sem os cuidados indispens\u00e1veis \u00e0 seguran\u00e7a) do c\u00f3digo de tr\u00e2nsito. Ele est\u00e1 usando o capacete, o que evita uma infra\u00e7\u00e3o grav\u00edssima, mas de maneira incorreta por n\u00e3o ter afivelado o dispositivo de seguran\u00e7a\u201d, afirma.<\/p>\n\n\n\n<p>Nesta segunda, assim como no domingo (23), Bolsonaro evitou jornalistas na sa\u00edda e tamb\u00e9m na volta ao Forte.<br>Pela quarta vez em Guaruj\u00e1 desde que assumiu a Presid\u00eancia da Rep\u00fablica, Bolsonaro tamb\u00e9m esteve na Fortaleza de Itaipu, em Praia Grande, no domingo.<\/p>\n\n\n\n<p>O presidente disse que deve retornar a Bras\u00edlia somente na quinta-feira (27). Ele viajou ao lado da filha mais nova, Laura, do segundo filho, o vereador Carlos Bolsonaro (PSC-RJ), al\u00e9m do deputado H\u00e9lio Lopes (PSL-<\/p>\n","protected":false},"excerpt":{"rendered":"<p>O presidente Jair Bolsonaro aproveitou o Carnaval para passear de moto pelas ruas do Guaruj\u00e1, no litoral paulista, onde est\u00e1 hospedado desde a \u00faltima sexta-feira&hellip; <\/p>\n","protected":false},"author":2,"featured_media":155030,"comment_status":"closed","ping_status":"closed","sticky":false,"template":"","format":"standard","meta":{"sfsi_plus_gutenberg_text_before_share":"","sfsi_plus_gutenberg_show_text_before_share":"","sfsi_plus_gutenberg_icon_type":"","sfsi_plus_gutenberg_icon_alignemt":"","sfsi_plus_gutenburg_max_per_row":"","footnotes":""},"categories":[11],"tags":[],"class_list":["post-155029","post","type-post","status-publish","format-standard","has-post-thumbnail","hentry","category-politica"],"_links":{"self":[{"href":"https:\/\/www.caririemacao.com\/1\/wp-json\/wp\/v2\/posts\/155029","targetHints":{"allow":["GET"]}}],"collection":[{"href":"https:\/\/www.caririemacao.com\/1\/wp-json\/wp\/v2\/posts"}],"about":[{"href":"https:\/\/www.caririemacao.com\/1\/wp-json\/wp\/v2\/types\/post"}],"author":[{"embeddable":true,"href":"https:\/\/www.caririemacao.com\/1\/wp-json\/wp\/v2\/users\/2"}],"replies":[{"embeddable":true,"href":"https:\/\/www.caririemacao.com\/1\/wp-json\/wp\/v2\/comments?post=155029"}],"version-history":[{"count":1,"href":"https:\/\/www.caririemacao.com\/1\/wp-json\/wp\/v2\/posts\/155029\/revisions"}],"predecessor-version":[{"id":155031,"href":"https:\/\/www.caririemacao.com\/1\/wp-json\/wp\/v2\/posts\/155029\/revisions\/155031"}],"wp:featuredmedia":[{"embeddable":true,"href":"https:\/\/www.caririemacao.com\/1\/wp-json\/wp\/v2\/media\/155030"}],"wp:attachment":[{"href":"https:\/\/www.caririemacao.com\/1\/wp-json\/wp\/v2\/media?parent=155029"}],"wp:term":[{"taxonomy":"category","embeddable":true,"href":"https:\/\/www.caririemacao.com\/1\/wp-json\/wp\/v2\/categories?post=155029"},{"taxonomy":"post_tag","embeddable":true,"href":"https:\/\/www.caririemacao.com\/1\/wp-json\/wp\/v2\/tags?post=155029"}],"curies":[{"name":"wp","href":"https:\/\/api.w.org\/{rel}","templated":true}]}}