{"id":155035,"date":"2020-02-25T06:47:43","date_gmt":"2020-02-25T09:47:43","guid":{"rendered":"http:\/\/www.caririemacao.com\/1\/?p=155035"},"modified":"2020-02-25T06:47:45","modified_gmt":"2020-02-25T09:47:45","slug":"ex-presidente-lula-avisa-a-justica-nova-viagem-ao-exterior","status":"publish","type":"post","link":"https:\/\/www.caririemacao.com\/1\/2020\/02\/25\/ex-presidente-lula-avisa-a-justica-nova-viagem-ao-exterior\/","title":{"rendered":"Ex-presidente Lula avisa \u00e0 Justi\u00e7a nova viagem ao exterior"},"content":{"rendered":"\n<p>O ex-presidente Luiz In\u00e1cio Lula da Silva (PT) comunicou \u00e0 Justi\u00e7a que estar\u00e1 fora do Brasil de 29 a 12 de mar\u00e7o. O petista viajar\u00e1 \u00e0 Fran\u00e7a, \u00e0 Su\u00ed\u00e7a e \u00e0 Alemanha.<\/p>\n\n\n\n<p>A viagem come\u00e7a por Paris, capital francesa onde ele ficar\u00e1 at\u00e9 5 de mar\u00e7o para receber o t\u00edtulo de cidad\u00e3o honor\u00e1rio da cidade.<\/p>\n\n\n\n<p>De 5 a 7 de mar\u00e7o, ele estar\u00e1 em Genebra, na Su\u00ed\u00e7a, para encontros com lideran\u00e7as sociais e de trabalhadores no \u00e2mbito do Conselho Mundial de Igrejas.<\/p>\n\n\n\n<p>De 7 a 11 de mar\u00e7o, Lula ficar\u00e1 em Berlim, em solo alem\u00e3o, para encontro com lideran\u00e7as do movimento sindical mundial.<\/p>\n\n\n\n<p>Como est\u00e1 solto por determina\u00e7\u00e3o do STF (Supremo Tribunal Federal), que considerou ilegal a pris\u00e3o depois de condena\u00e7\u00e3o em segunda inst\u00e2ncia, o ex-presidente n\u00e3o precisa de autoriza\u00e7\u00e3o judicial para viajar.<\/p>\n\n\n\n<p>Seguindo uma praxe, no entanto, a defesa sempre comunica os magistrados que ele se ausentara do pa\u00eds.<\/p>\n\n\n\n<p>\u00c9 a segunda viagem internacional de Lula desde que saiu da pris\u00e3o. A primeira foi para encontrar o papa Francisco, no Vaticano.<\/p>\n","protected":false},"excerpt":{"rendered":"<p>O ex-presidente Luiz In\u00e1cio Lula da Silva (PT) comunicou \u00e0 Justi\u00e7a que estar\u00e1 fora do Brasil de 29 a 12 de mar\u00e7o. O petista viajar\u00e1&hellip; <\/p>\n","protected":false},"author":2,"featured_media":131151,"comment_status":"closed","ping_status":"closed","sticky":false,"template":"","format":"standard","meta":{"sfsi_plus_gutenberg_text_before_share":"","sfsi_plus_gutenberg_show_text_before_share":"","sfsi_plus_gutenberg_icon_type":"","sfsi_plus_gutenberg_icon_alignemt":"","sfsi_plus_gutenburg_max_per_row":"","footnotes":""},"categories":[11],"tags":[],"class_list":["post-155035","post","type-post","status-publish","format-standard","has-post-thumbnail","hentry","category-politica"],"_links":{"self":[{"href":"https:\/\/www.caririemacao.com\/1\/wp-json\/wp\/v2\/posts\/155035","targetHints":{"allow":["GET"]}}],"collection":[{"href":"https:\/\/www.caririemacao.com\/1\/wp-json\/wp\/v2\/posts"}],"about":[{"href":"https:\/\/www.caririemacao.com\/1\/wp-json\/wp\/v2\/types\/post"}],"author":[{"embeddable":true,"href":"https:\/\/www.caririemacao.com\/1\/wp-json\/wp\/v2\/users\/2"}],"replies":[{"embeddable":true,"href":"https:\/\/www.caririemacao.com\/1\/wp-json\/wp\/v2\/comments?post=155035"}],"version-history":[{"count":1,"href":"https:\/\/www.caririemacao.com\/1\/wp-json\/wp\/v2\/posts\/155035\/revisions"}],"predecessor-version":[{"id":155036,"href":"https:\/\/www.caririemacao.com\/1\/wp-json\/wp\/v2\/posts\/155035\/revisions\/155036"}],"wp:featuredmedia":[{"embeddable":true,"href":"https:\/\/www.caririemacao.com\/1\/wp-json\/wp\/v2\/media\/131151"}],"wp:attachment":[{"href":"https:\/\/www.caririemacao.com\/1\/wp-json\/wp\/v2\/media?parent=155035"}],"wp:term":[{"taxonomy":"category","embeddable":true,"href":"https:\/\/www.caririemacao.com\/1\/wp-json\/wp\/v2\/categories?post=155035"},{"taxonomy":"post_tag","embeddable":true,"href":"https:\/\/www.caririemacao.com\/1\/wp-json\/wp\/v2\/tags?post=155035"}],"curies":[{"name":"wp","href":"https:\/\/api.w.org\/{rel}","templated":true}]}}