{"id":155038,"date":"2020-02-25T06:50:59","date_gmt":"2020-02-25T09:50:59","guid":{"rendered":"http:\/\/www.caririemacao.com\/1\/?p=155038"},"modified":"2020-02-25T06:51:02","modified_gmt":"2020-02-25T09:51:02","slug":"moro-diz-que-situacao-no-ceara-esta-sob-controle","status":"publish","type":"post","link":"https:\/\/www.caririemacao.com\/1\/2020\/02\/25\/moro-diz-que-situacao-no-ceara-esta-sob-controle\/","title":{"rendered":"Moro diz que situa\u00e7\u00e3o no Cear\u00e1 est\u00e1 sob controle"},"content":{"rendered":"\n<figure class=\"wp-block-image\"><img decoding=\"async\" data-src=\"https:\/\/paraibaonline.com.br\/wp-content\/uploads\/2019\/12\/MORO-567x378.jpg\" alt=\"Foto: ABr\" class=\"wp-image-827187 lazyload\" src=\"data:image\/svg+xml;base64,PHN2ZyB3aWR0aD0iMSIgaGVpZ2h0PSIxIiB4bWxucz0iaHR0cDovL3d3dy53My5vcmcvMjAwMC9zdmciPjwvc3ZnPg==\" style=\"--smush-placeholder-width: 567px; --smush-placeholder-aspect-ratio: 567\/378;\" \/><\/figure>\n\n\n\n<p>Foto: ABr<\/p>\n\n\n\n<p>O ministro da Justi\u00e7a e Seguran\u00e7a P\u00fablica, Sergio Moro, disse, nesta segunda-feira (24), em uma visita a Fortaleza, que as for\u00e7as do governo federal est\u00e3o no Cear\u00e1 para \u201cserenar os \u00e2nimos\u201d e que espera que a paralisa\u00e7\u00e3o de parte dos policiais militares do estado seja resolvida brevemente.<\/p>\n\n\n\n<p>\u201cO governo federal veio para serenar os \u00e2nimos, n\u00e3o para acirrar. Os policiais do pa\u00eds inteiro, n\u00e3o s\u00f3 do Cear\u00e1, s\u00e3o profissionais dedicados, que arriscam suas vidas, s\u00e3o profissionais que devem ser valorizados. \u00c9 o momento de servir e proteger, acalmar os \u00e2nimos. Serenar \u00e9 importante, temos que colocar a cabe\u00e7a no lugar e pensar o que \u00e9 preciso para que os policiais possam voltar a realizar o trabalho \u201d, disse Moro.<\/p>\n\n\n\n<p>De acordo com Moro, a situa\u00e7\u00e3o est\u00e1 sob controle. \u201cN\u00e3o \u00e9 uma situa\u00e7\u00e3o de absoluta desordem nas ruas. As pessoas est\u00e3o circulando nas ruas. N\u00e3o existem, por exemplo, saques, nem nada disso a estabelecimentos comerciais. Ent\u00e3o, a situa\u00e7\u00e3o est\u00e1 sob controle. Claro que dentro de um contexto relativamente dif\u00edcil em que parte da pol\u00edcia estadual est\u00e1 paralisada\u201d, disse.<\/p>\n\n\n\n<p><strong>GLO<\/strong><\/p>\n\n\n\n<p>Desde o dia 20 uma opera\u00e7\u00e3o de Garantia da Lei e da Ordem (GLO)&nbsp;levou ao Cear\u00e1 tropas das For\u00e7as Armadas. Um efetivo de 2.500 agentes do Ex\u00e9rcito e 300 agentes da For\u00e7a Nacional v\u00e3o atuar por 30 dias no estado para refor\u00e7ar a seguran\u00e7a.<\/p>\n\n\n\n<p>O ministro da Justi\u00e7a e Seguran\u00e7a P\u00fablica enfatizou ainda que a opera\u00e7\u00e3o, decretada pelo presidente da Rep\u00fablica, Jair Bolsonaro, a pedido do governador, Camilo Santana, est\u00e1 no estado para \u201cgarantir prote\u00e7\u00e3o da popula\u00e7\u00e3o em substitui\u00e7\u00e3o aos policiais que paralisaram suas atividades\u201d.<\/p>\n\n\n\n<p>Acompanhado do ministro da Defesa, general Fernando Azevedo e Silva, e do advogado-geral da Uni\u00e3o, Andr\u00e9 Mendon\u00e7a, o ministro fez um sobrevoo de helic\u00f3ptero pela regi\u00e3o metropolitana de Fortaleza.<\/p>\n\n\n\n<p>As autoridades tamb\u00e9m se reuniram no Pal\u00e1cio da Aboli\u00e7\u00e3o com o governador, e mais cedo visitaram a 10\u00b0 Regi\u00e3o Militar onde receberam informa\u00e7\u00f5es detalhadas das atividades que est\u00e3o sendo realizadas pelas For\u00e7as Armadas e pelos \u00f3rg\u00e3os de seguran\u00e7a p\u00fablica federal, estadual e municipal.<\/p>\n\n\n\n<p><strong>Quebra de acordo<\/strong><\/p>\n\n\n\n<p>O governador Camilo Santana agradeceu apoio federal e lamentou que, apesar de reuni\u00f5es terem sido feitas com a categoria e de um acordo ter sido aceito, os policiais tenham voltado atr\u00e1s.<\/p>\n\n\n\n<p>\u201cSentamos e negociamos com as classes dos policiais, que sa\u00edram da reuni\u00e3o satisfeitos com o que foi fechado, sempre permitimos o di\u00e1logo. O que n\u00e3o podemos permitir \u00e9 que grupos da seguran\u00e7a fa\u00e7am o que est\u00e3o fazendo, com carapu\u00e7as, balaclavas, com armas que a Constitui\u00e7\u00e3o deu concess\u00e3o para protegerem a sociedade e amea\u00e7ando a sociedade. Ningu\u00e9m est\u00e1 acima da lei. Sempre aceitamos conversar, mas ningu\u00e9m est\u00e1 acima da lei\u201d, disse Santana.<\/p>\n\n\n\n<p><strong>Balan\u00e7o<\/strong><\/p>\n\n\n\n<p>Apesar do refor\u00e7o na seguran\u00e7a, pelo menos nove cidades cearenses cancelaram suas programa\u00e7\u00f5es de carnaval. Segundo a Secretaria de Seguran\u00e7a P\u00fablica do Estado, somente ontem (23) foram registrados 25 novos assassinatos no estado.<\/p>\n\n\n\n<p>Desde a zero hora de quarta-feira (19), quando come\u00e7ou a paralisa\u00e7\u00e3o&nbsp;o motim de policiais, houve 147 mortes violentas. Os registros englobam homic\u00eddios dolosos, feminic\u00eddios , les\u00f5es corporais seguidas de morte e latroc\u00ednios.<\/p>\n","protected":false},"excerpt":{"rendered":"<p>Foto: ABr O ministro da Justi\u00e7a e Seguran\u00e7a P\u00fablica, Sergio Moro, disse, nesta segunda-feira (24), em uma visita a Fortaleza, que as for\u00e7as do governo&hellip; <\/p>\n","protected":false},"author":2,"featured_media":148929,"comment_status":"closed","ping_status":"closed","sticky":false,"template":"","format":"standard","meta":{"sfsi_plus_gutenberg_text_before_share":"","sfsi_plus_gutenberg_show_text_before_share":"","sfsi_plus_gutenberg_icon_type":"","sfsi_plus_gutenberg_icon_alignemt":"","sfsi_plus_gutenburg_max_per_row":"","footnotes":""},"categories":[11],"tags":[],"class_list":["post-155038","post","type-post","status-publish","format-standard","has-post-thumbnail","hentry","category-politica"],"_links":{"self":[{"href":"https:\/\/www.caririemacao.com\/1\/wp-json\/wp\/v2\/posts\/155038","targetHints":{"allow":["GET"]}}],"collection":[{"href":"https:\/\/www.caririemacao.com\/1\/wp-json\/wp\/v2\/posts"}],"about":[{"href":"https:\/\/www.caririemacao.com\/1\/wp-json\/wp\/v2\/types\/post"}],"author":[{"embeddable":true,"href":"https:\/\/www.caririemacao.com\/1\/wp-json\/wp\/v2\/users\/2"}],"replies":[{"embeddable":true,"href":"https:\/\/www.caririemacao.com\/1\/wp-json\/wp\/v2\/comments?post=155038"}],"version-history":[{"count":1,"href":"https:\/\/www.caririemacao.com\/1\/wp-json\/wp\/v2\/posts\/155038\/revisions"}],"predecessor-version":[{"id":155039,"href":"https:\/\/www.caririemacao.com\/1\/wp-json\/wp\/v2\/posts\/155038\/revisions\/155039"}],"wp:featuredmedia":[{"embeddable":true,"href":"https:\/\/www.caririemacao.com\/1\/wp-json\/wp\/v2\/media\/148929"}],"wp:attachment":[{"href":"https:\/\/www.caririemacao.com\/1\/wp-json\/wp\/v2\/media?parent=155038"}],"wp:term":[{"taxonomy":"category","embeddable":true,"href":"https:\/\/www.caririemacao.com\/1\/wp-json\/wp\/v2\/categories?post=155038"},{"taxonomy":"post_tag","embeddable":true,"href":"https:\/\/www.caririemacao.com\/1\/wp-json\/wp\/v2\/tags?post=155038"}],"curies":[{"name":"wp","href":"https:\/\/api.w.org\/{rel}","templated":true}]}}