{"id":155042,"date":"2020-02-25T06:53:27","date_gmt":"2020-02-25T09:53:27","guid":{"rendered":"http:\/\/www.caririemacao.com\/1\/?p=155042"},"modified":"2020-02-25T06:53:29","modified_gmt":"2020-02-25T09:53:29","slug":"coronavirus-brasil-atualiza-criterios-de-doacao-nos-bancos-de-sangue","status":"publish","type":"post","link":"https:\/\/www.caririemacao.com\/1\/2020\/02\/25\/coronavirus-brasil-atualiza-criterios-de-doacao-nos-bancos-de-sangue\/","title":{"rendered":"Coronav\u00edrus: Brasil atualiza crit\u00e9rios de doa\u00e7\u00e3o nos bancos de sangue"},"content":{"rendered":"\n<p>Com o surgimento do novo coronav\u00edrus, a Ag\u00eancia Nacional de Vigil\u00e2ncia Sanit\u00e1ria (Anvisa) e o Minist\u00e9rio da Sa\u00fade atualizaram os crit\u00e9rios de doa\u00e7\u00e3o nos bancos de sangue como uma a\u00e7\u00e3o preventiva em todo pa\u00eds.<\/p>\n\n\n\n<p>A triagem cl\u00ednica j\u00e1 inclu\u00eda a verifica\u00e7\u00e3o de dengue, chikungunya e zika. A atualiza\u00e7\u00e3o deste ano incluiu o Covid-19 e outras varia\u00e7\u00f5es como a S\u00edndrome Respirat\u00f3ria Aguda Grave (Sars) e a S\u00edndrome Respirat\u00f3ria do Oriente M\u00e9dio (Mers).<\/p>\n\n\n\n<p>Pessoas que estiveram em regi\u00f5es com casos confirmados de coronav\u00edrus n\u00e3o poder\u00e3o doar sangue pelo prazo de 30 dias, a contar do retorno das \u00e1reas afetadas pela epidemia. O prazo tamb\u00e9m ser\u00e1 aplicado a quem teve contato com paciente infectado ou com suspeita da doen\u00e7a.<\/p>\n\n\n\n<p>Aqueles pacientes que tiveram a doen\u00e7a, s\u00f3 poder\u00e3o doar sangue 90 dias depois da completa recupera\u00e7\u00e3o.<\/p>\n\n\n\n<p>A regra n\u00e3o se aplica a doadores que tiveram resfriado comum ou infec\u00e7\u00f5es de vias respirat\u00f3rias causadas eventualmente por coronav\u00edrus, sem hist\u00f3rico de viagem para as regi\u00f5es epid\u00eamicas ou sem contato com pessoas desses lugares.<\/p>\n\n\n\n<p>As autoridades informam ainda que n\u00e3o existe evid\u00eancia de transmiss\u00e3o de coronav\u00edrus por transfus\u00e3o de sangue.<\/p>\n\n\n\n<p>Em casos de dengue e chikungunya, o prazo tamb\u00e9m \u00e9 de 30 dias. Para zika, s\u00e3o 120 dias at\u00e9 que o candidato possa ser considerado apto para doar sangue.<\/p>\n","protected":false},"excerpt":{"rendered":"<p>Com o surgimento do novo coronav\u00edrus, a Ag\u00eancia Nacional de Vigil\u00e2ncia Sanit\u00e1ria (Anvisa) e o Minist\u00e9rio da Sa\u00fade atualizaram os crit\u00e9rios de doa\u00e7\u00e3o nos bancos&hellip; <\/p>\n","protected":false},"author":2,"featured_media":155043,"comment_status":"closed","ping_status":"closed","sticky":false,"template":"","format":"standard","meta":{"sfsi_plus_gutenberg_text_before_share":"","sfsi_plus_gutenberg_show_text_before_share":"","sfsi_plus_gutenberg_icon_type":"","sfsi_plus_gutenberg_icon_alignemt":"","sfsi_plus_gutenburg_max_per_row":"","footnotes":""},"categories":[16],"tags":[],"class_list":["post-155042","post","type-post","status-publish","format-standard","has-post-thumbnail","hentry","category-saude"],"_links":{"self":[{"href":"https:\/\/www.caririemacao.com\/1\/wp-json\/wp\/v2\/posts\/155042","targetHints":{"allow":["GET"]}}],"collection":[{"href":"https:\/\/www.caririemacao.com\/1\/wp-json\/wp\/v2\/posts"}],"about":[{"href":"https:\/\/www.caririemacao.com\/1\/wp-json\/wp\/v2\/types\/post"}],"author":[{"embeddable":true,"href":"https:\/\/www.caririemacao.com\/1\/wp-json\/wp\/v2\/users\/2"}],"replies":[{"embeddable":true,"href":"https:\/\/www.caririemacao.com\/1\/wp-json\/wp\/v2\/comments?post=155042"}],"version-history":[{"count":1,"href":"https:\/\/www.caririemacao.com\/1\/wp-json\/wp\/v2\/posts\/155042\/revisions"}],"predecessor-version":[{"id":155044,"href":"https:\/\/www.caririemacao.com\/1\/wp-json\/wp\/v2\/posts\/155042\/revisions\/155044"}],"wp:featuredmedia":[{"embeddable":true,"href":"https:\/\/www.caririemacao.com\/1\/wp-json\/wp\/v2\/media\/155043"}],"wp:attachment":[{"href":"https:\/\/www.caririemacao.com\/1\/wp-json\/wp\/v2\/media?parent=155042"}],"wp:term":[{"taxonomy":"category","embeddable":true,"href":"https:\/\/www.caririemacao.com\/1\/wp-json\/wp\/v2\/categories?post=155042"},{"taxonomy":"post_tag","embeddable":true,"href":"https:\/\/www.caririemacao.com\/1\/wp-json\/wp\/v2\/tags?post=155042"}],"curies":[{"name":"wp","href":"https:\/\/api.w.org\/{rel}","templated":true}]}}