{"id":155052,"date":"2020-02-25T07:02:18","date_gmt":"2020-02-25T10:02:18","guid":{"rendered":"http:\/\/www.caririemacao.com\/1\/?p=155052"},"modified":"2020-02-25T07:02:21","modified_gmt":"2020-02-25T10:02:21","slug":"gaiolas-e-aves-silvestres-sao-apreendidas-pela-policia-ambiental-em-queimadas","status":"publish","type":"post","link":"https:\/\/www.caririemacao.com\/1\/2020\/02\/25\/gaiolas-e-aves-silvestres-sao-apreendidas-pela-policia-ambiental-em-queimadas\/","title":{"rendered":"Gaiolas e aves silvestres s\u00e3o apreendidas pela Pol\u00edcia Ambiental em Queimadas"},"content":{"rendered":"\n<p>Durante fiscaliza\u00e7\u00e3o, no \u00faltimo s\u00e1bado (22), equipes da Companhia de Policiamento Ambiental do BPAmb, realizaram autua\u00e7\u00e3o de um cativeiro de animais silvestres na zona rural da cidade de Aroeiras. Gaiolas e aves silvestres foram apreendidos no local.&nbsp;&nbsp;<\/p>\n\n\n\n<p>No local foram encontradas aves silvestres e os propriet\u00e1rios sem a devida documenta\u00e7\u00e3o de licen\u00e7a para cria\u00e7\u00e3o dos animais.<br><\/p>\n\n\n\n<p>O flagrante de crime contra a fauna foi realizado na delegacia do munic\u00edpio de Queimadas e as aves foram devolvidas ao seu habitat natural.<\/p>\n","protected":false},"excerpt":{"rendered":"<p>Durante fiscaliza\u00e7\u00e3o, no \u00faltimo s\u00e1bado (22), equipes da Companhia de Policiamento Ambiental do BPAmb, realizaram autua\u00e7\u00e3o de um cativeiro de animais silvestres na zona rural&hellip; <\/p>\n","protected":false},"author":2,"featured_media":155053,"comment_status":"closed","ping_status":"closed","sticky":false,"template":"","format":"standard","meta":{"sfsi_plus_gutenberg_text_before_share":"","sfsi_plus_gutenberg_show_text_before_share":"","sfsi_plus_gutenberg_icon_type":"","sfsi_plus_gutenberg_icon_alignemt":"","sfsi_plus_gutenburg_max_per_row":"","footnotes":""},"categories":[12],"tags":[],"class_list":["post-155052","post","type-post","status-publish","format-standard","has-post-thumbnail","hentry","category-policia"],"_links":{"self":[{"href":"https:\/\/www.caririemacao.com\/1\/wp-json\/wp\/v2\/posts\/155052","targetHints":{"allow":["GET"]}}],"collection":[{"href":"https:\/\/www.caririemacao.com\/1\/wp-json\/wp\/v2\/posts"}],"about":[{"href":"https:\/\/www.caririemacao.com\/1\/wp-json\/wp\/v2\/types\/post"}],"author":[{"embeddable":true,"href":"https:\/\/www.caririemacao.com\/1\/wp-json\/wp\/v2\/users\/2"}],"replies":[{"embeddable":true,"href":"https:\/\/www.caririemacao.com\/1\/wp-json\/wp\/v2\/comments?post=155052"}],"version-history":[{"count":1,"href":"https:\/\/www.caririemacao.com\/1\/wp-json\/wp\/v2\/posts\/155052\/revisions"}],"predecessor-version":[{"id":155054,"href":"https:\/\/www.caririemacao.com\/1\/wp-json\/wp\/v2\/posts\/155052\/revisions\/155054"}],"wp:featuredmedia":[{"embeddable":true,"href":"https:\/\/www.caririemacao.com\/1\/wp-json\/wp\/v2\/media\/155053"}],"wp:attachment":[{"href":"https:\/\/www.caririemacao.com\/1\/wp-json\/wp\/v2\/media?parent=155052"}],"wp:term":[{"taxonomy":"category","embeddable":true,"href":"https:\/\/www.caririemacao.com\/1\/wp-json\/wp\/v2\/categories?post=155052"},{"taxonomy":"post_tag","embeddable":true,"href":"https:\/\/www.caririemacao.com\/1\/wp-json\/wp\/v2\/tags?post=155052"}],"curies":[{"name":"wp","href":"https:\/\/api.w.org\/{rel}","templated":true}]}}