{"id":155058,"date":"2020-02-25T07:04:54","date_gmt":"2020-02-25T10:04:54","guid":{"rendered":"http:\/\/www.caririemacao.com\/1\/?p=155058"},"modified":"2020-02-25T07:04:56","modified_gmt":"2020-02-25T10:04:56","slug":"brasil-vai-monitorar-passageiros-vindos-de-italia-franca-e-alemanha-com-sintomas-de-coronavirus","status":"publish","type":"post","link":"https:\/\/www.caririemacao.com\/1\/2020\/02\/25\/brasil-vai-monitorar-passageiros-vindos-de-italia-franca-e-alemanha-com-sintomas-de-coronavirus\/","title":{"rendered":"Brasil vai monitorar passageiros vindos de It\u00e1lia, Fran\u00e7a e Alemanha com sintomas de coronav\u00edrus"},"content":{"rendered":"\n<p>O Minist\u00e9rio da Sa\u00fade adicionou nesta segunda-feira, 24, nove pa\u00edses na lista de alerta do novo coronav\u00edrus, incluindo os primeiros tr\u00eas da Europa: It\u00e1lia, Alemanha, Fran\u00e7a. Al\u00e9m desses, entram no rol do governo federal Austr\u00e1lia, Filipinas, Mal\u00e1sia, Ir\u00e3 e Emirados \u00c1rabes. Isso significa que ser\u00e3o considerados suspeitos da doen\u00e7a passageiros que chegarem ao Brasil desses locais com sintomas da doen\u00e7a, como febre e tosse. Segundo apurou o Estado com integrantes da pasta, o novo enquadramento \u00e9 resultado da confirma\u00e7\u00e3o da transmiss\u00e3o do v\u00edrus dentro desses pa\u00edses.<\/p>\n\n\n\n<p>Antes da nova defini\u00e7\u00e3o, pessoas com sintomas de gripe vindas da It\u00e1lia, por exemplo, n\u00e3o recebiam aten\u00e7\u00e3o especial da vigil\u00e2ncia sanit\u00e1ria brasileira, pois a suspeita de novo coronav\u00edrus era descartada na hora. Agora, haver\u00e1 um protocolo espec\u00edfico em que, caso o passageiro tenha febre associada a algum outro sintoma, ser\u00e1 enquadrado automaticamente como caso suspeito.<\/p>\n\n\n\n<p>Uma an\u00e1lise cl\u00ednica poder\u00e1 ser feita no desembarque pela autoridade sanit\u00e1ria e, caso a suspeita se mantiver, o passageiro dever\u00e1 ser levado a um hospital. Al\u00e9m da China, epicentro do novo coronav\u00edrus, o Brasil j\u00e1 havia colocado no mesmo rol de alerta, semana passada, casos de passageiros vindos do Jap\u00e3o, Cingapura, Coreia do Sul, Coreia do Norte, Tail\u00e2ndia, Vietn\u00e3 e Camboja. H\u00e1 recomenda\u00e7\u00e3o do governo para que n\u00e3o sejam feitas viagens apenas para a China, onde mais de 2,5 mil pessoas morreram nos \u00faltimos dias ap\u00f3s serem contaminadas.<\/p>\n\n\n\n<p>Na Europa, a maior preocupa\u00e7\u00e3o \u00e9 com a It\u00e1lia, que j\u00e1 registrou mais de 200 casos e seis mortes. O surto se concentra principalmente no norte do pa\u00eds, onde ao menos 11 cidades foram colocadas sob quarentena.<\/p>\n\n\n\n<p>No caso do Ir\u00e3, o pa\u00eds se tornou no domingo, 23, o que mais registrou mortes fora da china, com oito v\u00edtimas. Ao todo, s\u00e3o 43 casos confirmados entre os iranianos.<\/p>\n\n\n\n<p>Segundo dados do Minist\u00e9rio da Sa\u00fade desta segunda-feira, 24, h\u00e1 quatro casos suspeitos para a doen\u00e7a no Brasil, sendo tr\u00eas em S\u00e3o Paulo e um no Rio de Janeiro. J\u00e1 foram descartadas 54 an\u00e1lises. A avalia\u00e7\u00e3o de integrantes da pasta \u00e9 que, com a inclus\u00e3o de mais pa\u00edses na lista de alertas, o n\u00famero de casos suspeitos deve subir.<\/p>\n\n\n\n<p>Antes da nova defini\u00e7\u00e3o, pessoas com sintomas de gripe vindas da It\u00e1lia, por exemplo, n\u00e3o recebiam aten\u00e7\u00e3o especial da vigil\u00e2ncia sanit\u00e1ria brasileira, pois a suspeita de novo coronav\u00edrus era descartada na hora.<\/p>\n\n\n\n<p><strong>Governo est\u00e1 em fase final de contrata\u00e7\u00e3o de equipamentos<\/strong><br><\/p>\n\n\n\n<p>Segundo apurou o Estado, o governo est\u00e1 em fase final de contrata\u00e7\u00e3o de equipamentos para combate a poss\u00edvel chegada da doen\u00e7a no Brasil, como m\u00e1scaras e luvas. J\u00e1 a contrata\u00e7\u00e3o de mil leitos em hospitais, anunciada no fim do m\u00eas passado pelo Minist\u00e9rio da Sa\u00fade como medida emergencial, ainda est\u00e1 em an\u00e1lise.<\/p>\n\n\n\n<p>&#8220;Buscando aumentar a capacidade assistencial e trabalhar de forma adequada as fases de conten\u00e7\u00e3o e mitiga\u00e7\u00e3o descritas no Plano de Conting\u00eancia, o Minist\u00e9rio da Sa\u00fade est\u00e1 em processo de contrata\u00e7\u00e3o de 1.000 leitos de UTI distribu\u00eddos em todo territ\u00f3rio nacional. O mapeamento dessas necessidades se d\u00e1 pelos profissionais da Secretaria de Aten\u00e7\u00e3o Especializada e Secretaria de Aten\u00e7\u00e3o Prim\u00e1ria do Minist\u00e9rio da Sa\u00fade e que comp\u00f5em o COE COVID-19&#8221;, disse o Minist\u00e9rio da Sa\u00fade, em nota enviada nesta segunda-feira.<\/p>\n\n\n\n<p>O governo tamb\u00e9m corre para garantir a compra de imunoglobulina, medicamento usado em pacientes com imunidade baixa e para amenizar efeitos de infec\u00e7\u00f5es. O medicamento pode ser usado em pacientes infectados pelo novo coronav\u00edrus.<\/p>\n\n\n\n<p>A ideia \u00e9 trazer o produto emergencialmente da China e da Coreia do Sul, mas a finaliza\u00e7\u00e3o da importa\u00e7\u00e3o ainda aguarda aval da Ag\u00eancia Nacional de Vigil\u00e2ncia Sanit\u00e1ria (Anvisa).<\/p>\n","protected":false},"excerpt":{"rendered":"<p>O Minist\u00e9rio da Sa\u00fade adicionou nesta segunda-feira, 24, nove pa\u00edses na lista de alerta do novo coronav\u00edrus, incluindo os primeiros tr\u00eas da Europa: It\u00e1lia, Alemanha,&hellip; <\/p>\n","protected":false},"author":2,"featured_media":155059,"comment_status":"closed","ping_status":"closed","sticky":false,"template":"","format":"standard","meta":{"sfsi_plus_gutenberg_text_before_share":"","sfsi_plus_gutenberg_show_text_before_share":"","sfsi_plus_gutenberg_icon_type":"","sfsi_plus_gutenberg_icon_alignemt":"","sfsi_plus_gutenburg_max_per_row":"","footnotes":""},"categories":[2],"tags":[],"class_list":["post-155058","post","type-post","status-publish","format-standard","has-post-thumbnail","hentry","category-geral"],"_links":{"self":[{"href":"https:\/\/www.caririemacao.com\/1\/wp-json\/wp\/v2\/posts\/155058","targetHints":{"allow":["GET"]}}],"collection":[{"href":"https:\/\/www.caririemacao.com\/1\/wp-json\/wp\/v2\/posts"}],"about":[{"href":"https:\/\/www.caririemacao.com\/1\/wp-json\/wp\/v2\/types\/post"}],"author":[{"embeddable":true,"href":"https:\/\/www.caririemacao.com\/1\/wp-json\/wp\/v2\/users\/2"}],"replies":[{"embeddable":true,"href":"https:\/\/www.caririemacao.com\/1\/wp-json\/wp\/v2\/comments?post=155058"}],"version-history":[{"count":1,"href":"https:\/\/www.caririemacao.com\/1\/wp-json\/wp\/v2\/posts\/155058\/revisions"}],"predecessor-version":[{"id":155060,"href":"https:\/\/www.caririemacao.com\/1\/wp-json\/wp\/v2\/posts\/155058\/revisions\/155060"}],"wp:featuredmedia":[{"embeddable":true,"href":"https:\/\/www.caririemacao.com\/1\/wp-json\/wp\/v2\/media\/155059"}],"wp:attachment":[{"href":"https:\/\/www.caririemacao.com\/1\/wp-json\/wp\/v2\/media?parent=155058"}],"wp:term":[{"taxonomy":"category","embeddable":true,"href":"https:\/\/www.caririemacao.com\/1\/wp-json\/wp\/v2\/categories?post=155058"},{"taxonomy":"post_tag","embeddable":true,"href":"https:\/\/www.caririemacao.com\/1\/wp-json\/wp\/v2\/tags?post=155058"}],"curies":[{"name":"wp","href":"https:\/\/api.w.org\/{rel}","templated":true}]}}